{"id":413,"date":"2011-01-28T10:02:36","date_gmt":"2011-01-28T08:02:36","guid":{"rendered":"https:\/\/sakumetall.ee\/uksetehas?p=413"},"modified":"2015-07-01T10:04:57","modified_gmt":"2015-07-01T07:04:57","slug":"saku-metalli-sihikindel-algus-20-aastat-tagasi","status":"publish","type":"post","link":"https:\/\/sakumetall.ee\/uksetehas\/saku-metalli-sihikindel-algus-20-aastat-tagasi\/","title":{"rendered":"Saku Metalli sihikindel algus 20 aastat tagasi"},"content":{"rendered":"<p>Saku Metalli Tallinna tootmis- ja kontorihoones Saku t\u00e4naval asus n\u00f5ukogude ajal kesklinna elamute valitsuse remondibaas. Toodeti k\u00f5ike elamute remondiks vajaliku, alates puitakendest kuni keskk\u00fcttepumpadeni. \u00dcheksak\u00fcmnendate algul hakati ehitusmaterjale tasapisi l\u00e4\u00e4nest sisse tooma, samuti suutsid tugevamad kooperatiivid ja esimesed aktsiaseltsid mitmeid tooteid juba efektiivsemalt toota ja paremate hindadega m\u00fc\u00fca. Aeg oli otsustada, milliste toodetega edasi minna, k\u00f5ike enam ise toota ei olnud m\u00f5tet. Aeg oli karm, kuritegevus lokkas, inimesed hakkasid korteritele ja elumajadele metallist turvauksi tellima. Turvaukseturg kasvas kiiresti ja meie turvauks, mis oli soojas\u00f5lme metalluksest arendatud, v\u00f5itis j\u00e4rjest populaarsust, meenutab ettev\u00f5tte looja ja juhataja Tarmo Villemi ning lisab, et juba tollased tooted olid v\u00f5rreldes teiste samalaadsete firmade toodetega k\u00f5rgel tasemel.<\/p>\n<p>\u201cSamal ajal tekkis kontakt \u00fche Rootsi ettev\u00f5ttega, kellele valmistasime mitu proovipartiid erinevaid terasest maam\u00f5\u00f5dum\u00e4rke.\u201cSamal ajal tekkis kontakt \u00fche Rootsi ettev\u00f5ttega, kellele valmistasime mitu proovipartiid erinevaid terasest maam\u00f5\u00f5dum\u00e4rke.<\/p>\n","protected":false},"excerpt":{"rendered":"<p>Saku Metalli Tallinna tootmis- ja kontorihoones Saku t\u00e4naval asus n\u00f5ukogude ajal kesklinna elamute valitsuse remondibaas. Toodeti k\u00f5ike elamute remondiks vajaliku, alates puitakendest kuni keskk\u00fcttepumpadeni. \u00dcheksak\u00fcmnendate algul hakati ehitusmaterjale tasapisi l\u00e4\u00e4nest sisse tooma, samuti suutsid tugevamad kooperatiivid ja esimesed aktsiaseltsid mitmeid tooteid juba efektiivsemalt toota ja paremate hindadega m\u00fc\u00fca. Aeg oli otsustada, milliste toodetega edasi minna, &#8230;<\/p>\n","protected":false},"author":2,"featured_media":0,"comment_status":"closed","ping_status":"closed","sticky":false,"template":"","format":"standard","meta":{"footnotes":""},"categories":[12],"tags":[],"class_list":["post-413","post","type-post","status-publish","format-standard","hentry","category-uudised"],"yoast_head":"<!-- This site is optimized with the Yoast SEO plugin v27.4 - https:\/\/yoast.com\/product\/yoast-seo-wordpress\/ -->\n<title>Saku Metalli sihikindel algus 20 aastat tagasi<\/title>\n<meta name=\"description\" content=\"Saku Metall AS tegeleb uksetootmise ja allhankega. Pakume tulet\u00f5kkeuksi, metalluksi, profiil- ja l\u00fckanduksi ning garaa\u017ei- ja t\u00f6\u00f6stuslikke t\u00f5stuksi ning lehtmetallist allhanket\u00f6id. V\u00f5ta \u00fchendust!\" \/>\n<meta name=\"robots\" content=\"index, follow, max-snippet:-1, max-image-preview:large, max-video-preview:-1\" \/>\n<link rel=\"canonical\" href=\"https:\/\/sakumetall.ee\/uksetehas\/saku-metalli-sihikindel-algus-20-aastat-tagasi\/\" \/>\n<meta property=\"og:locale\" content=\"et_EE\" \/>\n<meta property=\"og:type\" content=\"article\" \/>\n<meta property=\"og:title\" content=\"Saku Metalli sihikindel algus 20 aastat tagasi\" \/>\n<meta property=\"og:description\" content=\"Saku Metall AS tegeleb uksetootmise ja allhankega. Pakume tulet\u00f5kkeuksi, metalluksi, profiil- ja l\u00fckanduksi ning garaa\u017ei- ja t\u00f6\u00f6stuslikke t\u00f5stuksi ning lehtmetallist allhanket\u00f6id. V\u00f5ta \u00fchendust!\" \/>\n<meta property=\"og:url\" content=\"https:\/\/sakumetall.ee\/uksetehas\/saku-metalli-sihikindel-algus-20-aastat-tagasi\/\" \/>\n<meta property=\"og:site_name\" content=\"Uksetehas\" \/>\n<meta property=\"article:published_time\" content=\"2011-01-28T08:02:36+00:00\" \/>\n<meta property=\"article:modified_time\" content=\"2015-07-01T07:04:57+00:00\" \/>\n<meta name=\"author\" content=\"annika\" \/>\n<meta name=\"twitter:card\" content=\"summary_large_image\" \/>\n<meta name=\"twitter:label1\" content=\"Written by\" \/>\n\t<meta name=\"twitter:data1\" content=\"annika\" \/>\n\t<meta name=\"twitter:label2\" content=\"Est. reading time\" \/>\n\t<meta name=\"twitter:data2\" content=\"1 minut\" \/>\n<script type=\"application\/ld+json\" class=\"yoast-schema-graph\">{\"@context\":\"https:\\\/\\\/schema.org\",\"@graph\":[{\"@type\":\"Article\",\"@id\":\"https:\\\/\\\/sakumetall.ee\\\/uksetehas\\\/saku-metalli-sihikindel-algus-20-aastat-tagasi\\\/#article\",\"isPartOf\":{\"@id\":\"https:\\\/\\\/sakumetall.ee\\\/uksetehas\\\/saku-metalli-sihikindel-algus-20-aastat-tagasi\\\/\"},\"author\":{\"name\":\"annika\",\"@id\":\"https:\\\/\\\/sakumetall.ee\\\/uksetehas\\\/#\\\/schema\\\/person\\\/1d1f90f3a3a799f9e3ef13cef6fc496f\"},\"headline\":\"Saku Metalli sihikindel algus 20 aastat tagasi\",\"datePublished\":\"2011-01-28T08:02:36+00:00\",\"dateModified\":\"2015-07-01T07:04:57+00:00\",\"mainEntityOfPage\":{\"@id\":\"https:\\\/\\\/sakumetall.ee\\\/uksetehas\\\/saku-metalli-sihikindel-algus-20-aastat-tagasi\\\/\"},\"wordCount\":165,\"articleSection\":[\"Uudised\"],\"inLanguage\":\"et\"},{\"@type\":\"WebPage\",\"@id\":\"https:\\\/\\\/sakumetall.ee\\\/uksetehas\\\/saku-metalli-sihikindel-algus-20-aastat-tagasi\\\/\",\"url\":\"https:\\\/\\\/sakumetall.ee\\\/uksetehas\\\/saku-metalli-sihikindel-algus-20-aastat-tagasi\\\/\",\"name\":\"Saku Metalli sihikindel algus 20 aastat tagasi\",\"isPartOf\":{\"@id\":\"https:\\\/\\\/sakumetall.ee\\\/uksetehas\\\/#website\"},\"datePublished\":\"2011-01-28T08:02:36+00:00\",\"dateModified\":\"2015-07-01T07:04:57+00:00\",\"author\":{\"@id\":\"https:\\\/\\\/sakumetall.ee\\\/uksetehas\\\/#\\\/schema\\\/person\\\/1d1f90f3a3a799f9e3ef13cef6fc496f\"},\"description\":\"Saku Metall AS tegeleb uksetootmise ja allhankega. Pakume tulet\u00f5kkeuksi, metalluksi, profiil- ja l\u00fckanduksi ning garaa\u017ei- ja t\u00f6\u00f6stuslikke t\u00f5stuksi ning lehtmetallist allhanket\u00f6id. V\u00f5ta \u00fchendust!\",\"breadcrumb\":{\"@id\":\"https:\\\/\\\/sakumetall.ee\\\/uksetehas\\\/saku-metalli-sihikindel-algus-20-aastat-tagasi\\\/#breadcrumb\"},\"inLanguage\":\"et\",\"potentialAction\":[{\"@type\":\"ReadAction\",\"target\":[\"https:\\\/\\\/sakumetall.ee\\\/uksetehas\\\/saku-metalli-sihikindel-algus-20-aastat-tagasi\\\/\"]}]},{\"@type\":\"BreadcrumbList\",\"@id\":\"https:\\\/\\\/sakumetall.ee\\\/uksetehas\\\/saku-metalli-sihikindel-algus-20-aastat-tagasi\\\/#breadcrumb\",\"itemListElement\":[{\"@type\":\"ListItem\",\"position\":1,\"name\":\"Home\",\"item\":\"https:\\\/\\\/sakumetall.ee\\\/uksetehas\\\/\"},{\"@type\":\"ListItem\",\"position\":2,\"name\":\"Saku Metalli sihikindel algus 20 aastat tagasi\"}]},{\"@type\":\"WebSite\",\"@id\":\"https:\\\/\\\/sakumetall.ee\\\/uksetehas\\\/#website\",\"url\":\"https:\\\/\\\/sakumetall.ee\\\/uksetehas\\\/\",\"name\":\"Uksetehas\",\"description\":\"Saku Metall AS tegeleb uksetootmise ja allhankega. Pakume tulet\u00f5kkeuksi, metalluksi, profiil- ja l\u00fckanduksi ning garaa\u017ei- ja t\u00f6\u00f6stuslikke t\u00f5stuksi ning lehtmetallist allhanket\u00f6id. V\u00f5ta \u00fchendust!\",\"potentialAction\":[{\"@type\":\"SearchAction\",\"target\":{\"@type\":\"EntryPoint\",\"urlTemplate\":\"https:\\\/\\\/sakumetall.ee\\\/uksetehas\\\/?s={search_term_string}\"},\"query-input\":{\"@type\":\"PropertyValueSpecification\",\"valueRequired\":true,\"valueName\":\"search_term_string\"}}],\"inLanguage\":\"et\"},{\"@type\":\"Person\",\"@id\":\"https:\\\/\\\/sakumetall.ee\\\/uksetehas\\\/#\\\/schema\\\/person\\\/1d1f90f3a3a799f9e3ef13cef6fc496f\",\"name\":\"annika\",\"image\":{\"@type\":\"ImageObject\",\"inLanguage\":\"et\",\"@id\":\"https:\\\/\\\/secure.gravatar.com\\\/avatar\\\/8a728f2b4948887038324640f4e2d53c59339bc70c0629564bc06c57fd3462d1?s=96&d=mm&r=g\",\"url\":\"https:\\\/\\\/secure.gravatar.com\\\/avatar\\\/8a728f2b4948887038324640f4e2d53c59339bc70c0629564bc06c57fd3462d1?s=96&d=mm&r=g\",\"contentUrl\":\"https:\\\/\\\/secure.gravatar.com\\\/avatar\\\/8a728f2b4948887038324640f4e2d53c59339bc70c0629564bc06c57fd3462d1?s=96&d=mm&r=g\",\"caption\":\"annika\"}}]}<\/script>\n<!-- \/ Yoast SEO plugin. -->","yoast_head_json":{"title":"Saku Metalli sihikindel algus 20 aastat tagasi","description":"Saku Metall AS tegeleb uksetootmise ja allhankega. Pakume tulet\u00f5kkeuksi, metalluksi, profiil- ja l\u00fckanduksi ning garaa\u017ei- ja t\u00f6\u00f6stuslikke t\u00f5stuksi ning lehtmetallist allhanket\u00f6id. V\u00f5ta \u00fchendust!","robots":{"index":"index","follow":"follow","max-snippet":"max-snippet:-1","max-image-preview":"max-image-preview:large","max-video-preview":"max-video-preview:-1"},"canonical":"https:\/\/sakumetall.ee\/uksetehas\/saku-metalli-sihikindel-algus-20-aastat-tagasi\/","og_locale":"et_EE","og_type":"article","og_title":"Saku Metalli sihikindel algus 20 aastat tagasi","og_description":"Saku Metall AS tegeleb uksetootmise ja allhankega. Pakume tulet\u00f5kkeuksi, metalluksi, profiil- ja l\u00fckanduksi ning garaa\u017ei- ja t\u00f6\u00f6stuslikke t\u00f5stuksi ning lehtmetallist allhanket\u00f6id. V\u00f5ta \u00fchendust!","og_url":"https:\/\/sakumetall.ee\/uksetehas\/saku-metalli-sihikindel-algus-20-aastat-tagasi\/","og_site_name":"Uksetehas","article_published_time":"2011-01-28T08:02:36+00:00","article_modified_time":"2015-07-01T07:04:57+00:00","author":"annika","twitter_card":"summary_large_image","twitter_misc":{"Written by":"annika","Est. reading time":"1 minut"},"schema":{"@context":"https:\/\/schema.org","@graph":[{"@type":"Article","@id":"https:\/\/sakumetall.ee\/uksetehas\/saku-metalli-sihikindel-algus-20-aastat-tagasi\/#article","isPartOf":{"@id":"https:\/\/sakumetall.ee\/uksetehas\/saku-metalli-sihikindel-algus-20-aastat-tagasi\/"},"author":{"name":"annika","@id":"https:\/\/sakumetall.ee\/uksetehas\/#\/schema\/person\/1d1f90f3a3a799f9e3ef13cef6fc496f"},"headline":"Saku Metalli sihikindel algus 20 aastat tagasi","datePublished":"2011-01-28T08:02:36+00:00","dateModified":"2015-07-01T07:04:57+00:00","mainEntityOfPage":{"@id":"https:\/\/sakumetall.ee\/uksetehas\/saku-metalli-sihikindel-algus-20-aastat-tagasi\/"},"wordCount":165,"articleSection":["Uudised"],"inLanguage":"et"},{"@type":"WebPage","@id":"https:\/\/sakumetall.ee\/uksetehas\/saku-metalli-sihikindel-algus-20-aastat-tagasi\/","url":"https:\/\/sakumetall.ee\/uksetehas\/saku-metalli-sihikindel-algus-20-aastat-tagasi\/","name":"Saku Metalli sihikindel algus 20 aastat tagasi","isPartOf":{"@id":"https:\/\/sakumetall.ee\/uksetehas\/#website"},"datePublished":"2011-01-28T08:02:36+00:00","dateModified":"2015-07-01T07:04:57+00:00","author":{"@id":"https:\/\/sakumetall.ee\/uksetehas\/#\/schema\/person\/1d1f90f3a3a799f9e3ef13cef6fc496f"},"description":"Saku Metall AS tegeleb uksetootmise ja allhankega. Pakume tulet\u00f5kkeuksi, metalluksi, profiil- ja l\u00fckanduksi ning garaa\u017ei- ja t\u00f6\u00f6stuslikke t\u00f5stuksi ning lehtmetallist allhanket\u00f6id. V\u00f5ta \u00fchendust!","breadcrumb":{"@id":"https:\/\/sakumetall.ee\/uksetehas\/saku-metalli-sihikindel-algus-20-aastat-tagasi\/#breadcrumb"},"inLanguage":"et","potentialAction":[{"@type":"ReadAction","target":["https:\/\/sakumetall.ee\/uksetehas\/saku-metalli-sihikindel-algus-20-aastat-tagasi\/"]}]},{"@type":"BreadcrumbList","@id":"https:\/\/sakumetall.ee\/uksetehas\/saku-metalli-sihikindel-algus-20-aastat-tagasi\/#breadcrumb","itemListElement":[{"@type":"ListItem","position":1,"name":"Home","item":"https:\/\/sakumetall.ee\/uksetehas\/"},{"@type":"ListItem","position":2,"name":"Saku Metalli sihikindel algus 20 aastat tagasi"}]},{"@type":"WebSite","@id":"https:\/\/sakumetall.ee\/uksetehas\/#website","url":"https:\/\/sakumetall.ee\/uksetehas\/","name":"Uksetehas","description":"Saku Metall AS tegeleb uksetootmise ja allhankega. Pakume tulet\u00f5kkeuksi, metalluksi, profiil- ja l\u00fckanduksi ning garaa\u017ei- ja t\u00f6\u00f6stuslikke t\u00f5stuksi ning lehtmetallist allhanket\u00f6id. V\u00f5ta \u00fchendust!","potentialAction":[{"@type":"SearchAction","target":{"@type":"EntryPoint","urlTemplate":"https:\/\/sakumetall.ee\/uksetehas\/?s={search_term_string}"},"query-input":{"@type":"PropertyValueSpecification","valueRequired":true,"valueName":"search_term_string"}}],"inLanguage":"et"},{"@type":"Person","@id":"https:\/\/sakumetall.ee\/uksetehas\/#\/schema\/person\/1d1f90f3a3a799f9e3ef13cef6fc496f","name":"annika","image":{"@type":"ImageObject","inLanguage":"et","@id":"https:\/\/secure.gravatar.com\/avatar\/8a728f2b4948887038324640f4e2d53c59339bc70c0629564bc06c57fd3462d1?s=96&d=mm&r=g","url":"https:\/\/secure.gravatar.com\/avatar\/8a728f2b4948887038324640f4e2d53c59339bc70c0629564bc06c57fd3462d1?s=96&d=mm&r=g","contentUrl":"https:\/\/secure.gravatar.com\/avatar\/8a728f2b4948887038324640f4e2d53c59339bc70c0629564bc06c57fd3462d1?s=96&d=mm&r=g","caption":"annika"}}]}},"_links":{"self":[{"href":"https:\/\/sakumetall.ee\/uksetehas\/wp-json\/wp\/v2\/posts\/413","targetHints":{"allow":["GET"]}}],"collection":[{"href":"https:\/\/sakumetall.ee\/uksetehas\/wp-json\/wp\/v2\/posts"}],"about":[{"href":"https:\/\/sakumetall.ee\/uksetehas\/wp-json\/wp\/v2\/types\/post"}],"author":[{"embeddable":true,"href":"https:\/\/sakumetall.ee\/uksetehas\/wp-json\/wp\/v2\/users\/2"}],"replies":[{"embeddable":true,"href":"https:\/\/sakumetall.ee\/uksetehas\/wp-json\/wp\/v2\/comments?post=413"}],"version-history":[{"count":1,"href":"https:\/\/sakumetall.ee\/uksetehas\/wp-json\/wp\/v2\/posts\/413\/revisions"}],"predecessor-version":[{"id":414,"href":"https:\/\/sakumetall.ee\/uksetehas\/wp-json\/wp\/v2\/posts\/413\/revisions\/414"}],"wp:attachment":[{"href":"https:\/\/sakumetall.ee\/uksetehas\/wp-json\/wp\/v2\/media?parent=413"}],"wp:term":[{"taxonomy":"category","embeddable":true,"href":"https:\/\/sakumetall.ee\/uksetehas\/wp-json\/wp\/v2\/categories?post=413"},{"taxonomy":"post_tag","embeddable":true,"href":"https:\/\/sakumetall.ee\/uksetehas\/wp-json\/wp\/v2\/tags?post=413"}],"curies":[{"name":"wp","href":"https:\/\/api.w.org\/{rel}","templated":true}]}}