{"id":5062,"date":"2017-06-16T11:43:39","date_gmt":"2017-06-16T08:43:39","guid":{"rendered":"https:\/\/sakumetall.ee\/uksetehas?p=5062"},"modified":"2017-10-11T21:23:20","modified_gmt":"2017-10-11T18:23:20","slug":"virge-martin-nueued-ka-ametlikult-parim-sekretaer-2017-tuleb-saku-metall-uksetehasest","status":"publish","type":"post","link":"https:\/\/sakumetall.ee\/uksetehas\/virge-martin-nueued-ka-ametlikult-parim-sekretaer-2017-tuleb-saku-metall-uksetehasest\/","title":{"rendered":"Virge Martin, n\u00fc\u00fcd ka ametlikult Parim Sekret\u00e4r 2017 tuleb Saku Metall Uksetehasest!"},"content":{"rendered":"<p><a href=\"https:\/\/sakumetall.ee\/uksetehas\/wp-content\/uploads\/sites\/2\/2017\/06\/virge_martin_1_foto_raul-1200x800.jpg\"><img loading=\"lazy\" decoding=\"async\" width=\"300\" height=\"200\" class=\"alignnone size-medium wp-image-5067\" src=\"https:\/\/sakumetall.ee\/uksetehas\/wp-content\/uploads\/sites\/2\/2017\/06\/virge_martin_1_foto_raul-1200x800-300x200.jpg\" alt=\"virge_martin_1_foto_raul-1200x800\" srcset=\"https:\/\/sakumetall.ee\/uksetehas\/wp-content\/uploads\/sites\/2\/2017\/06\/virge_martin_1_foto_raul-1200x800-300x200.jpg 300w, https:\/\/sakumetall.ee\/uksetehas\/wp-content\/uploads\/sites\/2\/2017\/06\/virge_martin_1_foto_raul-1200x800-768x512.jpg 768w, https:\/\/sakumetall.ee\/uksetehas\/wp-content\/uploads\/sites\/2\/2017\/06\/virge_martin_1_foto_raul-1200x800-1024x683.jpg 1024w, https:\/\/sakumetall.ee\/uksetehas\/wp-content\/uploads\/sites\/2\/2017\/06\/virge_martin_1_foto_raul-1200x800-285x190.jpg 285w, https:\/\/sakumetall.ee\/uksetehas\/wp-content\/uploads\/sites\/2\/2017\/06\/virge_martin_1_foto_raul-1200x800-150x100.jpg 150w, https:\/\/sakumetall.ee\/uksetehas\/wp-content\/uploads\/sites\/2\/2017\/06\/virge_martin_1_foto_raul-1200x800-180x120.jpg 180w, https:\/\/sakumetall.ee\/uksetehas\/wp-content\/uploads\/sites\/2\/2017\/06\/virge_martin_1_foto_raul-1200x800.jpg 1200w\" sizes=\"auto, (max-width: 300px) 100vw, 300px\" \/><\/a><\/p>\n<p>Fotod: Raul Mee<\/p>\n<p>Seda, et meil oma Virxiga (nagu Virget hellitavalt kutsutakse) vedanud on, teadsime Saku Metallis varemgi. N\u00fc\u00fcd kui sigin-sagin l\u00e4bi ja \u201ev\u00f5idukroon peas\u201c, on see info levinud palju kaugemale kui oma kontori piirid. Ja mis seal salata \u2013 on ikka uhke tunne k\u00fcll, et t\u00e4navuse Parima Sekret\u00e4riga v\u00f5ib trehvata k\u00f5ige t\u00f5en\u00e4olisemalt Saku Metall Uksetehases.<\/p>\n<p>Selle aasta kontoriol\u00fcmpia nagu seda v\u00f5istlust meedias tituleeritud on, algas juba aprillis, mil konkurendid (8 parimat finalisti Eesti k\u00f5ige erinevamatest ettev\u00f5tetest) \u00fcksteisega esmakordselt kohtusid. \u201eSuurep\u00e4rased inimesed k\u00f5ik ja t\u00e4pselt samapalju seda tiitlit v\u00e4\u00e4rt kui mina\u201c, kiidab Virge Martin kaasv\u00f5istlejaid ja nii m\u00f5negagi j\u00e4tkab ta ka tulevikus kindlasti suhtlemist. Konkursi korraldaja, kontoritarvete maaletooja Officeday juht Laur Sibold m\u00e4rkis \u201cV\u00f5itja sai praktiliselt k\u00f5igi kohtunike maksimumpunktid. Virge Martini usaldusv\u00e4\u00e4rsus ja kindlus testide l\u00e4bimisel oli muljetavaldav.\u201d <a target=\"_blank\" href=\"http:\/\/elu24.postimees.ee\/4093165\/galerii-valiti-eesti-parim-sekretar-2017\" rel=\"noopener\">Vaata galeriid auhinnatseremooniast<\/a><\/p>\n<p>Kolleegidelgi jagub Virge jaoks vaid h\u00e4id s\u00f5nu: positiivne, hea suhtleja, avatud, suurep\u00e4rase huumorisoonega ning suudab oma osav\u00f5tlikkuse ja empaatiaga \u00fcles sulatada ja enda poole v\u00f5ita kuitahes kinnise eestlase &#8211; olgu see siis ettev\u00f5tte \u00e4ripartner v\u00f5i koristaja. N\u00e4iteks v\u00f5ib ta vene keeles anda kliendile esmast infot Saku Metalli\u00a0toodete ja teenuste kohta v\u00f5i inglise keeles arvete kohta aru p\u00e4rida ning samal ajal uksest sisse astuvaid k\u00fclalisi vastu v\u00f5tta sellise kergusega, nagu juhataks ta orkestrit. Naer ja heatahtlik l\u00f5\u00f5pimine on kindlasti omadused, mida t\u00f6\u00f6kaaslased hindavad, sest kes meist ei vajaks kiirel t\u00f6\u00f6pingetest tulvil p\u00e4eval v\u00e4ikest huumoris\u00fcsti.<\/p>\n<p><a href=\"https:\/\/sakumetall.ee\/uksetehas\/wp-content\/uploads\/sites\/2\/2017\/06\/virge_martin4_foto_raul_mee-800x1200.jpg\"><img loading=\"lazy\" decoding=\"async\" width=\"199\" height=\"300\" class=\"alignnone size-medium wp-image-5070 alignleft\" src=\"https:\/\/sakumetall.ee\/uksetehas\/wp-content\/uploads\/sites\/2\/2017\/06\/virge_martin4_foto_raul_mee-800x1200-199x300.jpg\" alt=\"virge_martin4_foto_raul_mee-800x1200\" srcset=\"https:\/\/sakumetall.ee\/uksetehas\/wp-content\/uploads\/sites\/2\/2017\/06\/virge_martin4_foto_raul_mee-800x1200-199x300.jpg 199w, https:\/\/sakumetall.ee\/uksetehas\/wp-content\/uploads\/sites\/2\/2017\/06\/virge_martin4_foto_raul_mee-800x1200-768x1160.jpg 768w, https:\/\/sakumetall.ee\/uksetehas\/wp-content\/uploads\/sites\/2\/2017\/06\/virge_martin4_foto_raul_mee-800x1200-678x1024.jpg 678w, https:\/\/sakumetall.ee\/uksetehas\/wp-content\/uploads\/sites\/2\/2017\/06\/virge_martin4_foto_raul_mee-800x1200-119x180.jpg 119w, https:\/\/sakumetall.ee\/uksetehas\/wp-content\/uploads\/sites\/2\/2017\/06\/virge_martin4_foto_raul_mee-800x1200-200x300.jpg 200w, https:\/\/sakumetall.ee\/uksetehas\/wp-content\/uploads\/sites\/2\/2017\/06\/virge_martin4_foto_raul_mee-800x1200.jpg 800w\" sizes=\"auto, (max-width: 199px) 100vw, 199px\" \/><\/a><\/p>\n<p>Virge on ehe ja siiras. Kas te n\u00e4iteks teadsite, et Virge s\u00f5idab iga p\u00e4ev Tallinnasse t\u00f6\u00f6le ja tagasi Haapsalust, kus on ta kodu. Et t\u00e4htsaimad inimesed tema elus on ta kaks marakratist poega, kes oma krutskitega noore naise tihtilugu \u00f5hku ahmima panevad. Piilume veidi tema ellu sisse ja laseme tal vastata m\u00f5ningatele k\u00fcsimustele.<\/p>\n<p><strong>1. Milline inimene sa oled ja kuidas t\u00f6\u00f6v\u00e4list aega sisustad?<\/strong><br \/>\nOlen t\u00e4iesti tavaline lihtne inimene. T\u00f6\u00f6st vabal ajal tegelen oma lastega \u2013 k\u00e4ime ujumas, s\u00f5idame motokrossi, \u00fcritame end aktiivsetena hoida. Maakodus samuti toimetamist. Ning m\u00f5nikord ei tee t\u00f6\u00f6st vabal ajal kohe \u00fcldse mitte kui midagi. Lihtsalt oleme kodus jalad seinal. P\u00fc\u00fcan aega leida ka ainult iseenda jaoks \u2013 k\u00e4ia m\u00f5nikord SPA\u2019s , teatris v\u00f5i v\u00e4ljas tantsimas.<br \/>\n<strong>2. Kus koolis oled k\u00e4inud, kes oma erialalt oled?<\/strong><br \/>\n\u00d5ppisin Haapsalu G\u00fcmnaasiumis, seej\u00e4rel Tallinna Kerget\u00f6\u00f6stustehnikumis, sekret\u00e4r-reisikonultandi erialal (l\u00f5petatud 2001). 2004-2007 \u00f5ppisin Tallinna Tehnika\u00fclikoolis bakalaureuse\u00f5ppes haldusjuhtimist.<br \/>\n<strong>3. Kuidas Saku Metalli sattusid?<\/strong><br \/>\nN\u00e4gin CV-keskuses t\u00f6\u00f6kuulutust ning kandideerisin m\u00fc\u00fcgiassistendi ametikohale. Ettev\u00f5tet teadsin oma varasemast t\u00f6\u00f6kogemusest.<br \/>\n<strong>4. Millised on Sinu t\u00e4nased t\u00f6\u00f6\u00fclesanded ja kuidas need on ajas muutunud?<\/strong><br \/>\nT\u00f6\u00f6\u00fclesanded on laias laastus samad, mis toona kui alustasin. T\u00f6\u00f6\u00fclesanded iseenesest ei ole ajas muutunud. Muutunud on nende t\u00e4itmise v\u00f5imalused -dokumentide kinnitamine digiallkirjaga, ostuarvete kinnitamine e-arvekeskuses, lennupiletite ja hotellibroneeringute tegemine internetis ise ilma reisib\u00fcroo vahenduseta, infovahetus on muutunud kiiremaks.<br \/>\n<strong>5. Kuidas n\u00e4eb reeglina v\u00e4lja Sinu t\u00f6\u00f6p\u00e4ev?<\/strong><br \/>\nN\u00e4eb v\u00e4lja kiire:) Saku Metall grupi \u00fcldmeili haldamine on minu \u00fclesanne. Sinna saabuvad hinnap\u00e4ringud era- ning \u00e4riklientidelt. Minu \u00fclesanne on hinnap\u00e4ringud registreerida majandustarkvaras ning suunata need edasi m\u00fc\u00fcgiosakondadele ning vastata kliendile, et tegeleme. Otseloomulikult pakume oma toodetele ka hooldust ning remonti, need p\u00e4ringud l\u00e4hevad edasi remondiosakonnale. Vormistan ettev\u00f5tte m\u00fc\u00fcgiarveid, juhataja korraldusi, korraldan t\u00f6\u00f6l\u00e4hetusi. E-arvetekeksusest saadan ostuarved kinnitusringidele. Kui kliendid ja koost\u00f6\u00f6partnerid helistavad, annan neile esmast infot ning vajadusel suunan edasi. Lisaks jooksvad \u00fclesanded m\u00fc\u00fcgiosakondadelt ning juhtkonnalt.<br \/>\n<strong>6. Mida hindad oma t\u00f6\u00f6andja ja kolleegide juures?<\/strong><br \/>\nHindan v\u00e4ga oma t\u00f6\u00f6andja ja kaast\u00f6\u00f6tajate kohusetundlikkust ja kirge, millega nad oma t\u00f6\u00f6d teevad. Nende ametialast kompetentsust. Ega me asjata ei \u00fctle, et pakume teraseid lahendusi. 25 tegevusaastat ning selle ajaga kogunenud kompetents on v\u00e4\u00e4rtus omaette.<br \/>\n<strong>7. Milline on olnud parim tunnustus kolleegide\/juhi poolt?<\/strong><br \/>\nKui juht \u00fctleb otse ja konkreetselt: ma olen sinu t\u00f6\u00f6ga rahul, j\u00e4tkame samas vaimus edasi. See on parimatest parim tunnustus.<br \/>\n<strong>8. Kuidas v\u00f5iks juhid sekret\u00e4re tunnustada? Millist tunnustust sekret\u00e4rid vajavad k\u00f5ige rohkem?<\/strong><br \/>\nOskan r\u00e4\u00e4kida ainult enda eest. Mulle on parimaks tunnustuseks, kui juht annab mulle juurde vastutust, \u00fclesandeid ning otsustusvabadust.<br \/>\n<strong>9. Mis on Sinu arvates oluline, et sekret\u00e4ri ja juhi omavaheline koost\u00f6\u00f6 sujuks?<\/strong><br \/>\nVastastikune usaldus muidugi. Kui see on m\u00f5lemal osapoolel v\u00e4lja teenitud, siis sealt edasi l\u00e4heb juba ladusalt. Teineteise \u00e4rakuulamine ja m\u00f5istmine on oluline.<br \/>\n<strong>10. Millist juhti sooviks iga sekret\u00e4r endale \u2013 millised on hea juhi omadused?<\/strong><br \/>\nMeelekindel juht. See koondab endas minu jaoks &#8211; kogemust, tarkust, otsustusv\u00f5imelisust, \u00f5iglust. Ma leian, et need omadused aitavad juhil olla edukas, panna inimesed enda heaks t\u00f6\u00f6le. Minu juhil on need omadused olemas. Lisaks sellele pakub ta alati v\u00e4lja lahendusi, reageerib kiirelt lahendamist vajavatele olukordadele, hoiab k\u00f5igel toimuval k\u00e4tt pulsil, \u00f5petab ning suunab.<br \/>\n<strong>11. Kuidas sa t\u00e4iendad ennast oma valdkonnas? Kust leiad t\u00f6\u00f6alast infot?<\/strong><br \/>\nT\u00f6\u00f6ks vajalikku infot saan meie ettev\u00f5tte koost\u00f6\u00f6partneritelt. Oleme Eesti Ehitusmaterjalide Tootjate Liidu liige, nemad korraldavad huvitavaid seminare. Samuti j\u00e4lgin, milliseid koolitusi\/seminare pakub KredEx. Lisaks on meil majasisesed koolitused.<br \/>\n<strong>12. Mida teadsid enne selleaastast konkurssi parima sekret\u00e4ri valimisest?<\/strong><br \/>\nTeadsin, et kord aastas valitakse, kuid ei olnud kunagi j\u00e4lginud.<br \/>\n<strong>13. Mida peab tegema, et Parimaks Sekret\u00e4riks saada?<\/strong><br \/>\nParim peab olema.<br \/>\n<strong>14. Seda et sekret\u00e4ri t\u00f6\u00f6 n\u00f5uab paljude elualade oskusi, siis millise oskuse t\u00e4htsusest Sa said aimu sellel konkursil?<\/strong><br \/>\nAvaliku esinemise oskusest. Tuleb v\u00e4lja, et seda v\u00f5iks ka ikkagi osata. Sellest oskusest oleks palju kasu olnud. Seda, et pean minemaTallinna Televisiooni intervjuud andma, sain teada peale v\u00f5idu v\u00e4ljakuulutamist. Seisin seal laval, lilled ja auhinnatahvlid kenasti k\u00e4es, kui \u00f6eldi, et Takso ootab Kultruurikatla ees ning 20 minuti p\u00e4rast pead Tallinna TV\u2019s kohal olema. Siis hakkas korraga hirmus kiire.<br \/>\n<strong>15. Mis on Sinu trump, edukuse v\u00f5ti t\u00f6\u00f6l?<\/strong><br \/>\nMa ei \u00fctleks, et see trump ja v\u00f5ti just on, aga 16 aastat t\u00f6\u00f6kogemust, veidi vastutulelikkust, teise t\u00f6\u00f6kaaslase m\u00e4rkamist ning sutsu sisemist komforti tuleb ju meile k\u00f5igile nii m\u00f5neski olukorras kasuks.<br \/>\n<strong>16. K\u00f5ikidel on vahel halbu p\u00e4evi. Kuidas ennast lohutad, et raskest hetkest v\u00e4lja tulla?<\/strong><br \/>\n1. kohe-kohe l\u00e4heb paremaks&#8230;.<br \/>\n2. \u00e4ra ulu, oleks v\u00f5inud kordades hullemini minna&#8230;..<br \/>\n3. savi-shed\u00f6\u00f6ver\u00a0mu kodu seinal v\u00e4lisukse k\u00f5rval- soolaleivakingitus koos paigaldusega parimalt s\u00f5brannalt.<a href=\"https:\/\/sakumetall.ee\/uksetehas\/wp-content\/uploads\/sites\/2\/2017\/06\/savishedoover.jpg\"> <\/a>Liblikad lisasin ise, no nii efekti m\u00f5ttes. Vot selline&#8230;<br \/>\n<a href=\"https:\/\/sakumetall.ee\/uksetehas\/wp-content\/uploads\/sites\/2\/2017\/06\/savishedoover.jpg\"><img loading=\"lazy\" decoding=\"async\" width=\"169\" height=\"300\" class=\"size-medium wp-image-5064 alignleft\" src=\"https:\/\/sakumetall.ee\/uksetehas\/wp-content\/uploads\/sites\/2\/2017\/06\/savishedoover-169x300.jpg\" alt=\"savishedoover\" srcset=\"https:\/\/sakumetall.ee\/uksetehas\/wp-content\/uploads\/sites\/2\/2017\/06\/savishedoover-169x300.jpg 169w, https:\/\/sakumetall.ee\/uksetehas\/wp-content\/uploads\/sites\/2\/2017\/06\/savishedoover-101x180.jpg 101w, https:\/\/sakumetall.ee\/uksetehas\/wp-content\/uploads\/sites\/2\/2017\/06\/savishedoover.jpg 405w\" sizes=\"auto, (max-width: 169px) 100vw, 169px\" \/><\/a><\/p>\n<p>&nbsp;<\/p>\n<p>&nbsp;<\/p>\n<p>&nbsp;<\/p>\n<p>&nbsp;<\/p>\n<p>&nbsp;<\/p>\n<p>&nbsp;<\/p>\n<p>&nbsp;<\/p>\n<p><strong>17. Kui sa peaksid oma elus tegema kannap\u00f6\u00f6rde, siis kuhu sa l\u00e4heksid ning mida sa teeksid?<\/strong><br \/>\nMa l\u00e4heksin siis peasekret\u00e4riks, \u0160veitsi v\u00f5i Austriasse n\u00e4iteks.<\/p>\n<p><a href=\"https:\/\/sakumetall.ee\/uksetehas\/wp-content\/uploads\/sites\/2\/2017\/06\/virge_martin3_foto_raul_mee-1200x800.jpg\"><img loading=\"lazy\" decoding=\"async\" width=\"300\" height=\"200\" class=\"alignnone size-medium wp-image-5073\" src=\"https:\/\/sakumetall.ee\/uksetehas\/wp-content\/uploads\/sites\/2\/2017\/06\/virge_martin3_foto_raul_mee-1200x800-300x200.jpg\" alt=\"virge_martin3_foto_raul_mee-1200x800\" srcset=\"https:\/\/sakumetall.ee\/uksetehas\/wp-content\/uploads\/sites\/2\/2017\/06\/virge_martin3_foto_raul_mee-1200x800-300x200.jpg 300w, https:\/\/sakumetall.ee\/uksetehas\/wp-content\/uploads\/sites\/2\/2017\/06\/virge_martin3_foto_raul_mee-1200x800-768x512.jpg 768w, https:\/\/sakumetall.ee\/uksetehas\/wp-content\/uploads\/sites\/2\/2017\/06\/virge_martin3_foto_raul_mee-1200x800-1024x683.jpg 1024w, https:\/\/sakumetall.ee\/uksetehas\/wp-content\/uploads\/sites\/2\/2017\/06\/virge_martin3_foto_raul_mee-1200x800-285x190.jpg 285w, https:\/\/sakumetall.ee\/uksetehas\/wp-content\/uploads\/sites\/2\/2017\/06\/virge_martin3_foto_raul_mee-1200x800-150x100.jpg 150w, https:\/\/sakumetall.ee\/uksetehas\/wp-content\/uploads\/sites\/2\/2017\/06\/virge_martin3_foto_raul_mee-1200x800-180x120.jpg 180w, https:\/\/sakumetall.ee\/uksetehas\/wp-content\/uploads\/sites\/2\/2017\/06\/virge_martin3_foto_raul_mee-1200x800.jpg 1200w\" sizes=\"auto, (max-width: 300px) 100vw, 300px\" \/><\/a><\/p>\n<p><strong>Vaata s\u00fcndmuse kajastust meedias:<\/strong><br \/>\n<a target=\"_blank\" href=\"http:\/\/www.sekretar.ee\/uudised\/2017\/04\/26\/fotod-meeleolukas-sekretaride-paeva-konverents-tallinna-kultuurikatlas\" rel=\"noopener\">sekret\u00e4r.ee<\/a><br \/>\n<a target=\"_blank\" href=\"http:\/\/www.tallinnatv.eu\/uudised\/uudised\/13304-2016-04-25-parim-sekretar\" rel=\"noopener\">Tallinna TV intervjuu<\/a><br \/>\n<a target=\"_blank\" href=\"http:\/\/uudised.tv3.ee\/meelelahutus\/uudis\/2017\/04\/14\/hoo-sai-sisse-parima-sekretari-konkurss\/\" rel=\"noopener\">TV3 uudis<\/a><br \/>\n<a target=\"_blank\" href=\"http:\/\/reporter.postimees.ee\/4079211\/eesti-parimad-sekretarid-panid-end-kontoriolumpial-proovile\" rel=\"noopener\">reporter.postimees.ee<\/a><br \/>\n<a target=\"_blank\" href=\"http:\/\/elu24.postimees.ee\/4079111\/galerii-eesti-parim-sekretar-2017-voitlus-sai-avapaugu-finaalis-rabeleb-ka-savisaare-silmaroom-jekaterina-fedkina\" rel=\"noopener\">elu24.postimees.ee<\/a><\/p>\n","protected":false},"excerpt":{"rendered":"<p>Fotod: Raul Mee Seda, et meil oma Virxiga (nagu Virget hellitavalt kutsutakse) vedanud on, teadsime Saku Metallis varemgi. N\u00fc\u00fcd kui sigin-sagin l\u00e4bi ja \u201ev\u00f5idukroon peas\u201c, on see info levinud palju kaugemale kui oma kontori piirid. Ja mis seal salata \u2013 on ikka uhke tunne k\u00fcll, et t\u00e4navuse Parima Sekret\u00e4riga v\u00f5ib trehvata k\u00f5ige t\u00f5en\u00e4olisemalt Saku Metall &#8230;<\/p>\n","protected":false},"author":13,"featured_media":0,"comment_status":"closed","ping_status":"open","sticky":false,"template":"","format":"standard","meta":{"footnotes":""},"categories":[12],"tags":[],"class_list":["post-5062","post","type-post","status-publish","format-standard","hentry","category-uudised"],"yoast_head":"<!-- This site is optimized with the Yoast SEO plugin v27.4 - https:\/\/yoast.com\/product\/yoast-seo-wordpress\/ -->\n<title>Virge Martin, n\u00fc\u00fcd ka ametlikult Parim Sekret\u00e4r 2017 tuleb Saku Metall Uksetehasest!<\/title>\n<meta name=\"description\" content=\"Saku Metall AS tegeleb uksetootmise ja allhankega. Pakume tulet\u00f5kkeuksi, metalluksi, profiil- ja l\u00fckanduksi ning garaa\u017ei- ja t\u00f6\u00f6stuslikke t\u00f5stuksi ning lehtmetallist allhanket\u00f6id. V\u00f5ta \u00fchendust!\" \/>\n<meta name=\"robots\" content=\"index, follow, max-snippet:-1, max-image-preview:large, max-video-preview:-1\" \/>\n<link rel=\"canonical\" href=\"https:\/\/sakumetall.ee\/uksetehas\/virge-martin-nueued-ka-ametlikult-parim-sekretaer-2017-tuleb-saku-metall-uksetehasest\/\" \/>\n<meta property=\"og:locale\" content=\"et_EE\" \/>\n<meta property=\"og:type\" content=\"article\" \/>\n<meta property=\"og:title\" content=\"Virge Martin, n\u00fc\u00fcd ka ametlikult Parim Sekret\u00e4r 2017 tuleb Saku Metall Uksetehasest!\" \/>\n<meta property=\"og:description\" content=\"Saku Metall AS tegeleb uksetootmise ja allhankega. Pakume tulet\u00f5kkeuksi, metalluksi, profiil- ja l\u00fckanduksi ning garaa\u017ei- ja t\u00f6\u00f6stuslikke t\u00f5stuksi ning lehtmetallist allhanket\u00f6id. V\u00f5ta \u00fchendust!\" \/>\n<meta property=\"og:url\" content=\"https:\/\/sakumetall.ee\/uksetehas\/virge-martin-nueued-ka-ametlikult-parim-sekretaer-2017-tuleb-saku-metall-uksetehasest\/\" \/>\n<meta property=\"og:site_name\" content=\"Uksetehas\" \/>\n<meta property=\"article:published_time\" content=\"2017-06-16T08:43:39+00:00\" \/>\n<meta property=\"article:modified_time\" content=\"2017-10-11T18:23:20+00:00\" \/>\n<meta property=\"og:image\" content=\"https:\/\/sakumetall.ee\/uksetehas\/wp-content\/uploads\/sites\/2\/2017\/06\/virge_martin_1_foto_raul-1200x800-300x200.jpg\" \/>\n<meta name=\"author\" content=\"reili\" \/>\n<meta name=\"twitter:card\" content=\"summary_large_image\" \/>\n<meta name=\"twitter:label1\" content=\"Written by\" \/>\n\t<meta name=\"twitter:data1\" content=\"reili\" \/>\n\t<meta name=\"twitter:label2\" content=\"Est. reading time\" \/>\n\t<meta name=\"twitter:data2\" content=\"6 minutit\" \/>\n<script type=\"application\/ld+json\" class=\"yoast-schema-graph\">{\"@context\":\"https:\\\/\\\/schema.org\",\"@graph\":[{\"@type\":\"Article\",\"@id\":\"https:\\\/\\\/sakumetall.ee\\\/uksetehas\\\/virge-martin-nueued-ka-ametlikult-parim-sekretaer-2017-tuleb-saku-metall-uksetehasest\\\/#article\",\"isPartOf\":{\"@id\":\"https:\\\/\\\/sakumetall.ee\\\/uksetehas\\\/virge-martin-nueued-ka-ametlikult-parim-sekretaer-2017-tuleb-saku-metall-uksetehasest\\\/\"},\"author\":{\"name\":\"reili\",\"@id\":\"https:\\\/\\\/sakumetall.ee\\\/uksetehas\\\/#\\\/schema\\\/person\\\/be540c86974188ad8dff8f99424bca5b\"},\"headline\":\"Virge Martin, n\u00fc\u00fcd ka ametlikult Parim Sekret\u00e4r 2017 tuleb Saku Metall Uksetehasest!\",\"datePublished\":\"2017-06-16T08:43:39+00:00\",\"dateModified\":\"2017-10-11T18:23:20+00:00\",\"mainEntityOfPage\":{\"@id\":\"https:\\\/\\\/sakumetall.ee\\\/uksetehas\\\/virge-martin-nueued-ka-ametlikult-parim-sekretaer-2017-tuleb-saku-metall-uksetehasest\\\/\"},\"wordCount\":1158,\"image\":{\"@id\":\"https:\\\/\\\/sakumetall.ee\\\/uksetehas\\\/virge-martin-nueued-ka-ametlikult-parim-sekretaer-2017-tuleb-saku-metall-uksetehasest\\\/#primaryimage\"},\"thumbnailUrl\":\"https:\\\/\\\/sakumetall.ee\\\/uksetehas\\\/wp-content\\\/uploads\\\/sites\\\/2\\\/2017\\\/06\\\/virge_martin_1_foto_raul-1200x800-300x200.jpg\",\"articleSection\":[\"Uudised\"],\"inLanguage\":\"et\"},{\"@type\":\"WebPage\",\"@id\":\"https:\\\/\\\/sakumetall.ee\\\/uksetehas\\\/virge-martin-nueued-ka-ametlikult-parim-sekretaer-2017-tuleb-saku-metall-uksetehasest\\\/\",\"url\":\"https:\\\/\\\/sakumetall.ee\\\/uksetehas\\\/virge-martin-nueued-ka-ametlikult-parim-sekretaer-2017-tuleb-saku-metall-uksetehasest\\\/\",\"name\":\"Virge Martin, n\u00fc\u00fcd ka ametlikult Parim Sekret\u00e4r 2017 tuleb Saku Metall Uksetehasest!\",\"isPartOf\":{\"@id\":\"https:\\\/\\\/sakumetall.ee\\\/uksetehas\\\/#website\"},\"primaryImageOfPage\":{\"@id\":\"https:\\\/\\\/sakumetall.ee\\\/uksetehas\\\/virge-martin-nueued-ka-ametlikult-parim-sekretaer-2017-tuleb-saku-metall-uksetehasest\\\/#primaryimage\"},\"image\":{\"@id\":\"https:\\\/\\\/sakumetall.ee\\\/uksetehas\\\/virge-martin-nueued-ka-ametlikult-parim-sekretaer-2017-tuleb-saku-metall-uksetehasest\\\/#primaryimage\"},\"thumbnailUrl\":\"https:\\\/\\\/sakumetall.ee\\\/uksetehas\\\/wp-content\\\/uploads\\\/sites\\\/2\\\/2017\\\/06\\\/virge_martin_1_foto_raul-1200x800-300x200.jpg\",\"datePublished\":\"2017-06-16T08:43:39+00:00\",\"dateModified\":\"2017-10-11T18:23:20+00:00\",\"author\":{\"@id\":\"https:\\\/\\\/sakumetall.ee\\\/uksetehas\\\/#\\\/schema\\\/person\\\/be540c86974188ad8dff8f99424bca5b\"},\"description\":\"Saku Metall AS tegeleb uksetootmise ja allhankega. Pakume tulet\u00f5kkeuksi, metalluksi, profiil- ja l\u00fckanduksi ning garaa\u017ei- ja t\u00f6\u00f6stuslikke t\u00f5stuksi ning lehtmetallist allhanket\u00f6id. V\u00f5ta \u00fchendust!\",\"breadcrumb\":{\"@id\":\"https:\\\/\\\/sakumetall.ee\\\/uksetehas\\\/virge-martin-nueued-ka-ametlikult-parim-sekretaer-2017-tuleb-saku-metall-uksetehasest\\\/#breadcrumb\"},\"inLanguage\":\"et\",\"potentialAction\":[{\"@type\":\"ReadAction\",\"target\":[\"https:\\\/\\\/sakumetall.ee\\\/uksetehas\\\/virge-martin-nueued-ka-ametlikult-parim-sekretaer-2017-tuleb-saku-metall-uksetehasest\\\/\"]}]},{\"@type\":\"ImageObject\",\"inLanguage\":\"et\",\"@id\":\"https:\\\/\\\/sakumetall.ee\\\/uksetehas\\\/virge-martin-nueued-ka-ametlikult-parim-sekretaer-2017-tuleb-saku-metall-uksetehasest\\\/#primaryimage\",\"url\":\"https:\\\/\\\/sakumetall.ee\\\/uksetehas\\\/wp-content\\\/uploads\\\/sites\\\/2\\\/2017\\\/06\\\/virge_martin_1_foto_raul-1200x800.jpg\",\"contentUrl\":\"https:\\\/\\\/sakumetall.ee\\\/uksetehas\\\/wp-content\\\/uploads\\\/sites\\\/2\\\/2017\\\/06\\\/virge_martin_1_foto_raul-1200x800.jpg\",\"width\":1200,\"height\":800,\"caption\":\"virge_martin_1_foto_raul-1200x800\"},{\"@type\":\"BreadcrumbList\",\"@id\":\"https:\\\/\\\/sakumetall.ee\\\/uksetehas\\\/virge-martin-nueued-ka-ametlikult-parim-sekretaer-2017-tuleb-saku-metall-uksetehasest\\\/#breadcrumb\",\"itemListElement\":[{\"@type\":\"ListItem\",\"position\":1,\"name\":\"Home\",\"item\":\"https:\\\/\\\/sakumetall.ee\\\/uksetehas\\\/\"},{\"@type\":\"ListItem\",\"position\":2,\"name\":\"Virge Martin, n\u00fc\u00fcd ka ametlikult Parim Sekret\u00e4r 2017 tuleb Saku Metall Uksetehasest!\"}]},{\"@type\":\"WebSite\",\"@id\":\"https:\\\/\\\/sakumetall.ee\\\/uksetehas\\\/#website\",\"url\":\"https:\\\/\\\/sakumetall.ee\\\/uksetehas\\\/\",\"name\":\"Uksetehas\",\"description\":\"Saku Metall AS tegeleb uksetootmise ja allhankega. Pakume tulet\u00f5kkeuksi, metalluksi, profiil- ja l\u00fckanduksi ning garaa\u017ei- ja t\u00f6\u00f6stuslikke t\u00f5stuksi ning lehtmetallist allhanket\u00f6id. V\u00f5ta \u00fchendust!\",\"potentialAction\":[{\"@type\":\"SearchAction\",\"target\":{\"@type\":\"EntryPoint\",\"urlTemplate\":\"https:\\\/\\\/sakumetall.ee\\\/uksetehas\\\/?s={search_term_string}\"},\"query-input\":{\"@type\":\"PropertyValueSpecification\",\"valueRequired\":true,\"valueName\":\"search_term_string\"}}],\"inLanguage\":\"et\"},{\"@type\":\"Person\",\"@id\":\"https:\\\/\\\/sakumetall.ee\\\/uksetehas\\\/#\\\/schema\\\/person\\\/be540c86974188ad8dff8f99424bca5b\",\"name\":\"reili\",\"image\":{\"@type\":\"ImageObject\",\"inLanguage\":\"et\",\"@id\":\"https:\\\/\\\/secure.gravatar.com\\\/avatar\\\/99ac4722e1792098e84f3e6bba0a797ad9be5de68787fd234cac347bbd13894e?s=96&d=mm&r=g\",\"url\":\"https:\\\/\\\/secure.gravatar.com\\\/avatar\\\/99ac4722e1792098e84f3e6bba0a797ad9be5de68787fd234cac347bbd13894e?s=96&d=mm&r=g\",\"contentUrl\":\"https:\\\/\\\/secure.gravatar.com\\\/avatar\\\/99ac4722e1792098e84f3e6bba0a797ad9be5de68787fd234cac347bbd13894e?s=96&d=mm&r=g\",\"caption\":\"reili\"}}]}<\/script>\n<!-- \/ Yoast SEO plugin. -->","yoast_head_json":{"title":"Virge Martin, n\u00fc\u00fcd ka ametlikult Parim Sekret\u00e4r 2017 tuleb Saku Metall Uksetehasest!","description":"Saku Metall AS tegeleb uksetootmise ja allhankega. Pakume tulet\u00f5kkeuksi, metalluksi, profiil- ja l\u00fckanduksi ning garaa\u017ei- ja t\u00f6\u00f6stuslikke t\u00f5stuksi ning lehtmetallist allhanket\u00f6id. V\u00f5ta \u00fchendust!","robots":{"index":"index","follow":"follow","max-snippet":"max-snippet:-1","max-image-preview":"max-image-preview:large","max-video-preview":"max-video-preview:-1"},"canonical":"https:\/\/sakumetall.ee\/uksetehas\/virge-martin-nueued-ka-ametlikult-parim-sekretaer-2017-tuleb-saku-metall-uksetehasest\/","og_locale":"et_EE","og_type":"article","og_title":"Virge Martin, n\u00fc\u00fcd ka ametlikult Parim Sekret\u00e4r 2017 tuleb Saku Metall Uksetehasest!","og_description":"Saku Metall AS tegeleb uksetootmise ja allhankega. Pakume tulet\u00f5kkeuksi, metalluksi, profiil- ja l\u00fckanduksi ning garaa\u017ei- ja t\u00f6\u00f6stuslikke t\u00f5stuksi ning lehtmetallist allhanket\u00f6id. V\u00f5ta \u00fchendust!","og_url":"https:\/\/sakumetall.ee\/uksetehas\/virge-martin-nueued-ka-ametlikult-parim-sekretaer-2017-tuleb-saku-metall-uksetehasest\/","og_site_name":"Uksetehas","article_published_time":"2017-06-16T08:43:39+00:00","article_modified_time":"2017-10-11T18:23:20+00:00","og_image":[{"url":"https:\/\/sakumetall.ee\/uksetehas\/wp-content\/uploads\/sites\/2\/2017\/06\/virge_martin_1_foto_raul-1200x800-300x200.jpg","type":"","width":"","height":""}],"author":"reili","twitter_card":"summary_large_image","twitter_misc":{"Written by":"reili","Est. reading time":"6 minutit"},"schema":{"@context":"https:\/\/schema.org","@graph":[{"@type":"Article","@id":"https:\/\/sakumetall.ee\/uksetehas\/virge-martin-nueued-ka-ametlikult-parim-sekretaer-2017-tuleb-saku-metall-uksetehasest\/#article","isPartOf":{"@id":"https:\/\/sakumetall.ee\/uksetehas\/virge-martin-nueued-ka-ametlikult-parim-sekretaer-2017-tuleb-saku-metall-uksetehasest\/"},"author":{"name":"reili","@id":"https:\/\/sakumetall.ee\/uksetehas\/#\/schema\/person\/be540c86974188ad8dff8f99424bca5b"},"headline":"Virge Martin, n\u00fc\u00fcd ka ametlikult Parim Sekret\u00e4r 2017 tuleb Saku Metall Uksetehasest!","datePublished":"2017-06-16T08:43:39+00:00","dateModified":"2017-10-11T18:23:20+00:00","mainEntityOfPage":{"@id":"https:\/\/sakumetall.ee\/uksetehas\/virge-martin-nueued-ka-ametlikult-parim-sekretaer-2017-tuleb-saku-metall-uksetehasest\/"},"wordCount":1158,"image":{"@id":"https:\/\/sakumetall.ee\/uksetehas\/virge-martin-nueued-ka-ametlikult-parim-sekretaer-2017-tuleb-saku-metall-uksetehasest\/#primaryimage"},"thumbnailUrl":"https:\/\/sakumetall.ee\/uksetehas\/wp-content\/uploads\/sites\/2\/2017\/06\/virge_martin_1_foto_raul-1200x800-300x200.jpg","articleSection":["Uudised"],"inLanguage":"et"},{"@type":"WebPage","@id":"https:\/\/sakumetall.ee\/uksetehas\/virge-martin-nueued-ka-ametlikult-parim-sekretaer-2017-tuleb-saku-metall-uksetehasest\/","url":"https:\/\/sakumetall.ee\/uksetehas\/virge-martin-nueued-ka-ametlikult-parim-sekretaer-2017-tuleb-saku-metall-uksetehasest\/","name":"Virge Martin, n\u00fc\u00fcd ka ametlikult Parim Sekret\u00e4r 2017 tuleb Saku Metall Uksetehasest!","isPartOf":{"@id":"https:\/\/sakumetall.ee\/uksetehas\/#website"},"primaryImageOfPage":{"@id":"https:\/\/sakumetall.ee\/uksetehas\/virge-martin-nueued-ka-ametlikult-parim-sekretaer-2017-tuleb-saku-metall-uksetehasest\/#primaryimage"},"image":{"@id":"https:\/\/sakumetall.ee\/uksetehas\/virge-martin-nueued-ka-ametlikult-parim-sekretaer-2017-tuleb-saku-metall-uksetehasest\/#primaryimage"},"thumbnailUrl":"https:\/\/sakumetall.ee\/uksetehas\/wp-content\/uploads\/sites\/2\/2017\/06\/virge_martin_1_foto_raul-1200x800-300x200.jpg","datePublished":"2017-06-16T08:43:39+00:00","dateModified":"2017-10-11T18:23:20+00:00","author":{"@id":"https:\/\/sakumetall.ee\/uksetehas\/#\/schema\/person\/be540c86974188ad8dff8f99424bca5b"},"description":"Saku Metall AS tegeleb uksetootmise ja allhankega. Pakume tulet\u00f5kkeuksi, metalluksi, profiil- ja l\u00fckanduksi ning garaa\u017ei- ja t\u00f6\u00f6stuslikke t\u00f5stuksi ning lehtmetallist allhanket\u00f6id. V\u00f5ta \u00fchendust!","breadcrumb":{"@id":"https:\/\/sakumetall.ee\/uksetehas\/virge-martin-nueued-ka-ametlikult-parim-sekretaer-2017-tuleb-saku-metall-uksetehasest\/#breadcrumb"},"inLanguage":"et","potentialAction":[{"@type":"ReadAction","target":["https:\/\/sakumetall.ee\/uksetehas\/virge-martin-nueued-ka-ametlikult-parim-sekretaer-2017-tuleb-saku-metall-uksetehasest\/"]}]},{"@type":"ImageObject","inLanguage":"et","@id":"https:\/\/sakumetall.ee\/uksetehas\/virge-martin-nueued-ka-ametlikult-parim-sekretaer-2017-tuleb-saku-metall-uksetehasest\/#primaryimage","url":"https:\/\/sakumetall.ee\/uksetehas\/wp-content\/uploads\/sites\/2\/2017\/06\/virge_martin_1_foto_raul-1200x800.jpg","contentUrl":"https:\/\/sakumetall.ee\/uksetehas\/wp-content\/uploads\/sites\/2\/2017\/06\/virge_martin_1_foto_raul-1200x800.jpg","width":1200,"height":800,"caption":"virge_martin_1_foto_raul-1200x800"},{"@type":"BreadcrumbList","@id":"https:\/\/sakumetall.ee\/uksetehas\/virge-martin-nueued-ka-ametlikult-parim-sekretaer-2017-tuleb-saku-metall-uksetehasest\/#breadcrumb","itemListElement":[{"@type":"ListItem","position":1,"name":"Home","item":"https:\/\/sakumetall.ee\/uksetehas\/"},{"@type":"ListItem","position":2,"name":"Virge Martin, n\u00fc\u00fcd ka ametlikult Parim Sekret\u00e4r 2017 tuleb Saku Metall Uksetehasest!"}]},{"@type":"WebSite","@id":"https:\/\/sakumetall.ee\/uksetehas\/#website","url":"https:\/\/sakumetall.ee\/uksetehas\/","name":"Uksetehas","description":"Saku Metall AS tegeleb uksetootmise ja allhankega. Pakume tulet\u00f5kkeuksi, metalluksi, profiil- ja l\u00fckanduksi ning garaa\u017ei- ja t\u00f6\u00f6stuslikke t\u00f5stuksi ning lehtmetallist allhanket\u00f6id. V\u00f5ta \u00fchendust!","potentialAction":[{"@type":"SearchAction","target":{"@type":"EntryPoint","urlTemplate":"https:\/\/sakumetall.ee\/uksetehas\/?s={search_term_string}"},"query-input":{"@type":"PropertyValueSpecification","valueRequired":true,"valueName":"search_term_string"}}],"inLanguage":"et"},{"@type":"Person","@id":"https:\/\/sakumetall.ee\/uksetehas\/#\/schema\/person\/be540c86974188ad8dff8f99424bca5b","name":"reili","image":{"@type":"ImageObject","inLanguage":"et","@id":"https:\/\/secure.gravatar.com\/avatar\/99ac4722e1792098e84f3e6bba0a797ad9be5de68787fd234cac347bbd13894e?s=96&d=mm&r=g","url":"https:\/\/secure.gravatar.com\/avatar\/99ac4722e1792098e84f3e6bba0a797ad9be5de68787fd234cac347bbd13894e?s=96&d=mm&r=g","contentUrl":"https:\/\/secure.gravatar.com\/avatar\/99ac4722e1792098e84f3e6bba0a797ad9be5de68787fd234cac347bbd13894e?s=96&d=mm&r=g","caption":"reili"}}]}},"_links":{"self":[{"href":"https:\/\/sakumetall.ee\/uksetehas\/wp-json\/wp\/v2\/posts\/5062","targetHints":{"allow":["GET"]}}],"collection":[{"href":"https:\/\/sakumetall.ee\/uksetehas\/wp-json\/wp\/v2\/posts"}],"about":[{"href":"https:\/\/sakumetall.ee\/uksetehas\/wp-json\/wp\/v2\/types\/post"}],"author":[{"embeddable":true,"href":"https:\/\/sakumetall.ee\/uksetehas\/wp-json\/wp\/v2\/users\/13"}],"replies":[{"embeddable":true,"href":"https:\/\/sakumetall.ee\/uksetehas\/wp-json\/wp\/v2\/comments?post=5062"}],"version-history":[{"count":17,"href":"https:\/\/sakumetall.ee\/uksetehas\/wp-json\/wp\/v2\/posts\/5062\/revisions"}],"predecessor-version":[{"id":7562,"href":"https:\/\/sakumetall.ee\/uksetehas\/wp-json\/wp\/v2\/posts\/5062\/revisions\/7562"}],"wp:attachment":[{"href":"https:\/\/sakumetall.ee\/uksetehas\/wp-json\/wp\/v2\/media?parent=5062"}],"wp:term":[{"taxonomy":"category","embeddable":true,"href":"https:\/\/sakumetall.ee\/uksetehas\/wp-json\/wp\/v2\/categories?post=5062"},{"taxonomy":"post_tag","embeddable":true,"href":"https:\/\/sakumetall.ee\/uksetehas\/wp-json\/wp\/v2\/tags?post=5062"}],"curies":[{"name":"wp","href":"https:\/\/api.w.org\/{rel}","templated":true}]}}