{"id":7540,"date":"2017-10-11T13:27:17","date_gmt":"2017-10-11T10:27:17","guid":{"rendered":"https:\/\/sakumetall.ee\/uksetehas\/?p=7540"},"modified":"2019-03-07T11:08:51","modified_gmt":"2019-03-07T09:08:51","slug":"saku-metalli-sportlik-september-firmaspordi-sugisspartakiaadil-vaelja-voideldi-6-koht","status":"publish","type":"post","link":"https:\/\/sakumetall.ee\/uksetehas\/saku-metalli-sportlik-september-firmaspordi-sugisspartakiaadil-vaelja-voideldi-6-koht\/","title":{"rendered":"Saku Metalli sportlik september Firmaspordi S\u00fcgisspartakiaadil \u2013 v\u00e4lja v\u00f5ideldi 6. koht"},"content":{"rendered":"<p>Fotod: Kristo Parksepp ja Ardo S\u00e4ks<\/p>\n<a href=\"https:\/\/sakumetall.ee\/uksetehas\/wp-content\/uploads\/sites\/2\/2017\/10\/SMUT.jpg\"><img decoding=\"async\" class=\"wp-image-7541 size-large\" src=\"https:\/\/sakumetall.ee\/uksetehas\/wp-content\/uploads\/sites\/2\/2017\/10\/SMUT-1024x686.jpg\" alt=\"sakumetall-autasustamine\" width=\"100%\" height=\"auto\" srcset=\"https:\/\/sakumetall.ee\/uksetehas\/wp-content\/uploads\/sites\/2\/2017\/10\/SMUT-1024x686.jpg 1024w, https:\/\/sakumetall.ee\/uksetehas\/wp-content\/uploads\/sites\/2\/2017\/10\/SMUT-300x201.jpg 300w, https:\/\/sakumetall.ee\/uksetehas\/wp-content\/uploads\/sites\/2\/2017\/10\/SMUT-768x515.jpg 768w, https:\/\/sakumetall.ee\/uksetehas\/wp-content\/uploads\/sites\/2\/2017\/10\/SMUT-285x190.jpg 285w, https:\/\/sakumetall.ee\/uksetehas\/wp-content\/uploads\/sites\/2\/2017\/10\/SMUT-150x100.jpg 150w, https:\/\/sakumetall.ee\/uksetehas\/wp-content\/uploads\/sites\/2\/2017\/10\/SMUT-180x121.jpg 180w, https:\/\/sakumetall.ee\/uksetehas\/wp-content\/uploads\/sites\/2\/2017\/10\/SMUT-400x268.jpg 400w, https:\/\/sakumetall.ee\/uksetehas\/wp-content\/uploads\/sites\/2\/2017\/10\/SMUT.jpg 2048w\" sizes=\"(max-width: 1024px) 100vw, 1024px\" \/><\/a>\n<p>Spordist ja karskest eluviisist pakatav september t\u00f5mmati T\u00f6\u00f6kohaspordikuu raames k\u00e4ima pidulikult juba 4. septembril Telliskivi Loomelinnaku v\u00e4ljakul toimunud \u00fcritusel \u201eSportlik l\u00f5unapaus!\u201c. \u00dcldse toimus esimese s\u00fcgiskuu jooksul \u00fcle Eesti\u00a0palju \u00fcritusi ja ettev\u00f5tmisi, millest iga\u00fcks sai osa v\u00f5tta v\u00f5i ise kolleegidega m\u00f5ne liikumis\u00fcrituse korraldada. N\u00e4iteks kogu kuu v\u00e4ltel kestnud projekti\u00a0\u201cKondimootoriga t\u00f6\u00f6le\u201c eesm\u00e4rk oli innustada t\u00f6\u00f6tajaid aktiivsemalt liikuma ning \u00e4ra kasutama neid minuteid ja tunde, mil liigutakse kodust t\u00f6\u00f6le ja t\u00f6\u00f6lt koju. Ka Firmaspordi\u00a0S\u00fcgisspartakiaad\u00a0oli osa t\u00f6\u00f6kohaspordikuu \u00fcritustest ning t\u00f5i 23.\u2013 30. septembril\u00a0kokku Eestis tegutsevate ettev\u00f5tete t\u00f6\u00f6tajad sportlikuks n\u00e4dalaks. Liikuva eluviisi positiivsusest l\u00e4ksid teistkordselt osa saama ka spordiarmastajad Saku Metallist.<\/p>\n<p>S\u00fcgisspartakiaad sai aval\u00f6\u00f6gi lamades surumisega. K\u00f5ige kangema mehena ja eskohaga t\u00f5estas end\u00a0Saku Metall\u00a0Allhanketehase projektijuhi ametit pidav Ats Lahi, kes surus maksimumraskusena \u00fcles 150 kg, alistas 1000 kg 10,7 sekundiga ning kergitas 50 kg \u00fcles 63 korda. Ats ise \u00fctleb et j\u00f5ut\u00f5stmise aladel ei ole ta varem v\u00f5istelnud, kuna ei ole eraldi selle nimel treeninud.<\/p>\n<p><a href=\"https:\/\/sakumetall.ee\/uksetehas\/wp-content\/uploads\/sites\/2\/2017\/10\/ats.jpg\"><img loading=\"lazy\" decoding=\"async\" width=\"300\" height=\"214\" class=\"alignnone size-medium wp-image-7548\" src=\"https:\/\/sakumetall.ee\/uksetehas\/wp-content\/uploads\/sites\/2\/2017\/10\/ats-300x214.jpg\" alt=\"ats-lahi-sakumetall-firmasport\" srcset=\"https:\/\/sakumetall.ee\/uksetehas\/wp-content\/uploads\/sites\/2\/2017\/10\/ats-300x214.jpg 300w, https:\/\/sakumetall.ee\/uksetehas\/wp-content\/uploads\/sites\/2\/2017\/10\/ats-768x549.jpg 768w, https:\/\/sakumetall.ee\/uksetehas\/wp-content\/uploads\/sites\/2\/2017\/10\/ats-1024x732.jpg 1024w, https:\/\/sakumetall.ee\/uksetehas\/wp-content\/uploads\/sites\/2\/2017\/10\/ats-180x129.jpg 180w, https:\/\/sakumetall.ee\/uksetehas\/wp-content\/uploads\/sites\/2\/2017\/10\/ats-400x286.jpg 400w, https:\/\/sakumetall.ee\/uksetehas\/wp-content\/uploads\/sites\/2\/2017\/10\/ats.jpg 2048w\" sizes=\"auto, (max-width: 300px) 100vw, 300px\" \/><\/a><\/p>\n<p>Minirekletoni tulise turniiri arvestuses v\u00e4\u00e4rivad mainimist 28 mehe seast ennast 4. ja 6. kohale servinud Martti Eerma ja Gert Gordejev. Et Saku Metalli puhul on tegemist m\u00f5nev\u00f5rra maskuliinsema ettev\u00f5ttega, n\u00e4itas ka naiste kesine osav\u00f5tt nii minirekletonist kui lamades surumisest, mist\u00f5ttu j\u00e4id nii m\u00f5nedki tiimipunktid saamata.<br \/>\nSee-eest oli bowlingus ennast t\u00f5estamas tervelt viis l\u00f5busat ja lennukat segatiimi, kust enim kurikaid niitis 48 tiimi hulgast finaali p\u00e4\u00e4senud v\u00f5istkond koosseisus\u00a0 Kristiina S\u00fcndema, Marko Mets, Arvo Alehod\u017ein ja Silver Reinart. \u201eMeie tiimi liikmed satuvad kuuli veeretama suhteliselt harva, seega on meie edukus puhas \u00f5nn. Finaalis tuli ikka v\u00e4ike n\u00e4rv ka sisse ja v\u00e4simus andis tunda aga v\u00f5itlesime l\u00f5puni\u201c, kirjeldab neliku naisliige Kristiina v\u00f5istlus\u00f5htut. Ujumise kiireimad otsad tegi meeste arvestuses Margus Siitam (9.), kes \u00e4sja puhkuselt naasnuna paistis silma kahtlemata ka k\u00f5ige tumedama nahav\u00e4rvi omanikuna. M40 saavutas 5. koha Mart Martinson. Ka Arvo Alehod\u017ein ning Aron Alt ei j\u00e4\u00e4nud Saku Metalli parimatest palju maha ja v\u00e4\u00e4rivad selles tihedas konkurentsis \u00e4ram\u00e4rkimist.<\/p>\n<p><a href=\"https:\/\/sakumetall.ee\/uksetehas\/wp-content\/uploads\/sites\/2\/2017\/10\/SM-team.jpg\"><img loading=\"lazy\" decoding=\"async\" width=\"300\" height=\"201\" class=\"alignnone size-medium wp-image-7552\" src=\"https:\/\/sakumetall.ee\/uksetehas\/wp-content\/uploads\/sites\/2\/2017\/10\/SM-team-300x201.jpg\" alt=\"sakumetalli-ujujad\" srcset=\"https:\/\/sakumetall.ee\/uksetehas\/wp-content\/uploads\/sites\/2\/2017\/10\/SM-team-300x201.jpg 300w, https:\/\/sakumetall.ee\/uksetehas\/wp-content\/uploads\/sites\/2\/2017\/10\/SM-team-768x515.jpg 768w, https:\/\/sakumetall.ee\/uksetehas\/wp-content\/uploads\/sites\/2\/2017\/10\/SM-team-1024x686.jpg 1024w, https:\/\/sakumetall.ee\/uksetehas\/wp-content\/uploads\/sites\/2\/2017\/10\/SM-team-285x190.jpg 285w, https:\/\/sakumetall.ee\/uksetehas\/wp-content\/uploads\/sites\/2\/2017\/10\/SM-team-150x100.jpg 150w, https:\/\/sakumetall.ee\/uksetehas\/wp-content\/uploads\/sites\/2\/2017\/10\/SM-team-180x121.jpg 180w, https:\/\/sakumetall.ee\/uksetehas\/wp-content\/uploads\/sites\/2\/2017\/10\/SM-team-400x268.jpg 400w, https:\/\/sakumetall.ee\/uksetehas\/wp-content\/uploads\/sites\/2\/2017\/10\/SM-team.jpg 2048w\" sizes=\"auto, (max-width: 300px) 100vw, 300px\" \/><\/a><\/p>\n<p>S\u00fcgisspartakiaadi vast k\u00f5ige enam elavust ja vastakaid arvamusi tekitanud ala vibulaskmine premeeris meid Heiko Juhkamsoo parima 13-nda tulemusega (kokku 70 mehe seast) ja kindlasti sai kogu tiim sellel ilusal s\u00fcgisp\u00e4eval lustida t\u00e4ie raha eest \ud83d\ude0a Vibulaskmine oli Firmaspordi kavas esimest korda ja leiab arvatavasti endale uusi f\u00e4nne ja harjutajaid.<\/p>\n<p><a href=\"https:\/\/sakumetall.ee\/uksetehas\/wp-content\/uploads\/sites\/2\/2017\/10\/sakumetall_mehed.jpg\"><img loading=\"lazy\" decoding=\"async\" width=\"300\" height=\"201\" class=\"alignnone size-medium wp-image-7553\" src=\"https:\/\/sakumetall.ee\/uksetehas\/wp-content\/uploads\/sites\/2\/2017\/10\/sakumetall_mehed-300x201.jpg\" alt=\"sakumetall_mehed\" srcset=\"https:\/\/sakumetall.ee\/uksetehas\/wp-content\/uploads\/sites\/2\/2017\/10\/sakumetall_mehed-300x201.jpg 300w, https:\/\/sakumetall.ee\/uksetehas\/wp-content\/uploads\/sites\/2\/2017\/10\/sakumetall_mehed-768x515.jpg 768w, https:\/\/sakumetall.ee\/uksetehas\/wp-content\/uploads\/sites\/2\/2017\/10\/sakumetall_mehed-1024x686.jpg 1024w, https:\/\/sakumetall.ee\/uksetehas\/wp-content\/uploads\/sites\/2\/2017\/10\/sakumetall_mehed-285x190.jpg 285w, https:\/\/sakumetall.ee\/uksetehas\/wp-content\/uploads\/sites\/2\/2017\/10\/sakumetall_mehed-150x100.jpg 150w, https:\/\/sakumetall.ee\/uksetehas\/wp-content\/uploads\/sites\/2\/2017\/10\/sakumetall_mehed-180x121.jpg 180w, https:\/\/sakumetall.ee\/uksetehas\/wp-content\/uploads\/sites\/2\/2017\/10\/sakumetall_mehed-400x268.jpg 400w, https:\/\/sakumetall.ee\/uksetehas\/wp-content\/uploads\/sites\/2\/2017\/10\/sakumetall_mehed.jpg 2048w\" sizes=\"auto, (max-width: 300px) 100vw, 300px\" \/><\/a><\/p>\n<p>Neljap\u00e4eva \u00f5htu oli m\u00f5ttespordi p\u00e4ralt, kus v\u00e4\u00e4rtuslike punkte tuli koguda pokkeris. V\u00e4ga hea tulemuse t\u00f5i Saku Metallile Meelis Karileet, kes kahe suurpanga v\u00f5istleja vahel kaartidega endale 2. koha ja Saku Metallile suure hunniku punkte v\u00e4lja m\u00e4ngis. T\u00e4helepanu v\u00e4\u00e4riv saavutus on ka teise finalisti Kaspar Maripuu 12. koht. S\u00f5udeergomeetritel t\u00f5mmati korraldajate s\u00f5nul kokku aja peale 83000 m (umbes sama palju maad on Tallinna kesklinnast Kadrina valda). Selles heitluses h\u00f5ivasid meestest Kaspar Peek ja Artur \u0160evt\u0161uk endale 8.-9. koha ning Katrin Laikre v\u00f5istlusklassi N40 6. koha ja n\u00e4itasid et neid tasub ka j\u00e4rgmistel v\u00f5istlustel karta.<br \/>\nK\u00f5ige p\u00f5nevamaks ja adrenaliinirohkemaks v\u00f5istluseks pidas korraldaja kardis\u00f5itu. Saku Metalli t\u00f6\u00f6tajate seas oli samuti tegemist \u00fche populaarseima alaga, meelitades laup\u00e4eval kumme vilistama suisa 15 meest ja 2 naist. Medal tuligi seekord naistele Maila Vaheri 3. koha n\u00e4ol! Meeste vallutusteks j\u00e4id 7. kohad \u2013 Gert Gordejev meeste ning Tarmo Villemi M40 klassis.<\/p>\n<p><a href=\"https:\/\/sakumetall.ee\/uksetehas\/wp-content\/uploads\/sites\/2\/2017\/10\/maila_.jpg\"><img loading=\"lazy\" decoding=\"async\" width=\"300\" height=\"201\" class=\"alignnone size-medium wp-image-7554\" src=\"https:\/\/sakumetall.ee\/uksetehas\/wp-content\/uploads\/sites\/2\/2017\/10\/maila_-300x201.jpg\" alt=\"maila_janne-sakumetall-kardisoit\" srcset=\"https:\/\/sakumetall.ee\/uksetehas\/wp-content\/uploads\/sites\/2\/2017\/10\/maila_-300x201.jpg 300w, https:\/\/sakumetall.ee\/uksetehas\/wp-content\/uploads\/sites\/2\/2017\/10\/maila_-768x515.jpg 768w, https:\/\/sakumetall.ee\/uksetehas\/wp-content\/uploads\/sites\/2\/2017\/10\/maila_-1024x686.jpg 1024w, https:\/\/sakumetall.ee\/uksetehas\/wp-content\/uploads\/sites\/2\/2017\/10\/maila_-285x190.jpg 285w, https:\/\/sakumetall.ee\/uksetehas\/wp-content\/uploads\/sites\/2\/2017\/10\/maila_-150x100.jpg 150w, https:\/\/sakumetall.ee\/uksetehas\/wp-content\/uploads\/sites\/2\/2017\/10\/maila_-180x121.jpg 180w, https:\/\/sakumetall.ee\/uksetehas\/wp-content\/uploads\/sites\/2\/2017\/10\/maila_-400x268.jpg 400w, https:\/\/sakumetall.ee\/uksetehas\/wp-content\/uploads\/sites\/2\/2017\/10\/maila_.jpg 2048w\" sizes=\"auto, (max-width: 300px) 100vw, 300px\" \/><\/a><a href=\"https:\/\/sakumetall.ee\/uksetehas\/wp-content\/uploads\/sites\/2\/2017\/10\/janne.jpg\"><img loading=\"lazy\" decoding=\"async\" width=\"300\" height=\"201\" class=\"alignnone size-medium wp-image-7555\" src=\"https:\/\/sakumetall.ee\/uksetehas\/wp-content\/uploads\/sites\/2\/2017\/10\/janne-300x201.jpg\" alt=\"janne\" srcset=\"https:\/\/sakumetall.ee\/uksetehas\/wp-content\/uploads\/sites\/2\/2017\/10\/janne-300x201.jpg 300w, https:\/\/sakumetall.ee\/uksetehas\/wp-content\/uploads\/sites\/2\/2017\/10\/janne-768x515.jpg 768w, https:\/\/sakumetall.ee\/uksetehas\/wp-content\/uploads\/sites\/2\/2017\/10\/janne-1024x686.jpg 1024w, https:\/\/sakumetall.ee\/uksetehas\/wp-content\/uploads\/sites\/2\/2017\/10\/janne-285x190.jpg 285w, https:\/\/sakumetall.ee\/uksetehas\/wp-content\/uploads\/sites\/2\/2017\/10\/janne-150x100.jpg 150w, https:\/\/sakumetall.ee\/uksetehas\/wp-content\/uploads\/sites\/2\/2017\/10\/janne-180x121.jpg 180w, https:\/\/sakumetall.ee\/uksetehas\/wp-content\/uploads\/sites\/2\/2017\/10\/janne-400x268.jpg 400w, https:\/\/sakumetall.ee\/uksetehas\/wp-content\/uploads\/sites\/2\/2017\/10\/janne.jpg 2048w\" sizes=\"auto, (max-width: 300px) 100vw, 300px\" \/><\/a><\/p>\n<p>\u201eKes palju teeb see palju j\u00f5uab\u201c kehtib nii t\u00f6\u00f6- kui eraelus. Ats Lahil (kes surus ennast lamades meeste esimeseks) on millest r\u00e4\u00e4kida:<\/p>\n<p><strong><em>Millistel alades osalesid s\u00fcgisspartakiaadil?<\/em><\/strong><\/p>\n<p>S\u00fcgisspartakiaadil osalesin kokku viiel alal: lamades surumine, bowling, ujumine, pokker ja kardis\u00f5it. Oleks osalenud ka teistel aladel, aga muude kohustuste k\u00f5rvalt ei m\u00e4nginud v\u00e4lja.<\/p>\n<p><strong><em>Mis on sinu kui sportlase p\u00f5hiala ja senised sportlikud saavutused?<\/em><\/strong><\/p>\n<p>Alates 2016. aastast olen keskendunud rohkem j\u00f5usaalile ja fitnessile. Eelnevalt tegelesin m\u00f5ned aastad Brasiilia Jiu-Jitsu ja MMA\u2019ga<em> (Mixed Martial Arts, toim.)<\/em>, mille raames sai ka edukalt v\u00f5istlemas k\u00e4idud. Kooli ajal m\u00e4ngisin palju v\u00f5rkpalli, osalesin suusa-, jooksu- ja rattav\u00f5istlustel, kaasa arvatud Tartu maratonid. Ka varasemalt olen teiste spordialade k\u00f5rvalt j\u00f5usaaliga keha vormis hoidnud. Hilisematest saavutustest v\u00f5ib ehk v\u00e4lja tuua 2016. aastal Eesti meistriv\u00f5istlused kulturismis ja fitnessis II koht ja L\u00e4ti karikav\u00f5istluste III koht <em>men\u2019s physiqye<\/em> kategoorias. Varasematest Swedbanki kooliliiga II koht v\u00f5rkpallis. MMA mat\u0161ide resultaat 2 v\u00f5itu ja 0 kaotust. BJJ <em>(Brasiilia Jiu-Jitsu, toim.)<\/em> ja teiste v\u00e4iksemate v\u00f5istluste tulemusi ei hakka hetkel \u00fcles loetlema.<\/p>\n<p><strong><em>Kas konkurendid olid tugevad?<\/em><\/strong><\/p>\n<p>Konkurendid olid v\u00e4ga tublid, kuid ootasin tugevamaid sooritusi. Tundsin, et kirja l\u00e4inud tulemused tulid kergelt ning varu oli sees. Tugevama konkurentsi korral oleksin pidanud kindlasti rohkem pingutama ja seel\u00e4bi saanuks ka numbriliselt paremad resultaadid. \u00dcle\u00fcldiselt oli \u00f5hkkond v\u00e4ga s\u00f5bralik ja pingevaba. Vaatame, mis j\u00e4rgmine aasta toob \ud83d\ude0a<\/p>\n<p><strong><em>Kuidas \u00fchitad t\u00f6\u00f6elu trenniga?<\/em><\/strong><\/p>\n<p>H\u00e4sti \ud83d\ude03 Kuna valmistun kohe saabuvateks Poola rahvusvahelisteks meistriv\u00f5istlusteks ning kuu l\u00f5pus ka Eesti meistriv\u00f5istlusteks, siis j\u00f5utreeninguid ja cardiotrenne tuleb\u00a0 10 \u2013 12 n\u00e4dalas. Hooaja v\u00e4lisel ajal teen ca 5 trenni n\u00e4dalas. Treeningutest teen cardio kohe hommikul ja j\u00f5utreeningu peale t\u00f6\u00f6d. Leian, et f\u00fc\u00fcsiline treening aitab t\u00f6\u00f6l paremini keskenduda ja positiivsem olla. \u00d5pin ka t\u00e4iskohaga koolis ja kuigi aega \u00fclem\u00e4\u00e4ra k\u00e4es ei ole siis m\u00f5nus kino\u00f5htu v\u00f5i istumine s\u00f5pradega mahub alati n\u00e4dala kavasse. Elu on n\u00e4idanud, et niisama aega ei leiagi, aega tuleb teha. \ud83d\ude0a<\/p>\n<p>Saku Metall koges Firmaspordi S\u00fcgisspartakiaadil taaskord r\u00f5\u00f5mu liikumisest, p\u00f5nevust uute asjade katsetamisel, \u00fchtekuuluvustunnet kolleegidega koos higi valades, t\u00e4nulikkust korraldajate ja osav\u00f5tjate vastu!<\/p>\n<p><strong>J\u00e4rgmiste v\u00f5istlusteni!<\/strong><\/p>\n<p><a target=\"_blank\" href=\"https:\/\/www.facebook.com\/pg\/firmasport\/photos\/?tab=albums\" rel=\"noopener\">https:\/\/www.facebook.com\/pg\/firmasport\/photos\/?tab=albums<\/a><br \/>\n<a target=\"_blank\" href=\"http:\/\/sport.delfi.ee\/news\/liikumine\/uudised\/video-kes-palvib-eesti-koige-sportlikuma-ettevotte-tiitli?id=79661926\" rel=\"noopener\">http:\/\/sport.delfi.ee\/news\/liikumine\/uudised\/video-kes-palvib-eesti-koige-sportlikuma-ettevotte-tiitli?id=79661926<\/a><\/p>\n","protected":false},"excerpt":{"rendered":"<p>Fotod: Kristo Parksepp ja Ardo S\u00e4ks Spordist ja karskest eluviisist pakatav september t\u00f5mmati T\u00f6\u00f6kohaspordikuu raames k\u00e4ima pidulikult juba 4. septembril Telliskivi Loomelinnaku v\u00e4ljakul toimunud \u00fcritusel \u201eSportlik l\u00f5unapaus!\u201c. \u00dcldse toimus esimese s\u00fcgiskuu jooksul \u00fcle Eesti\u00a0palju \u00fcritusi ja ettev\u00f5tmisi, millest iga\u00fcks sai osa v\u00f5tta v\u00f5i ise kolleegidega m\u00f5ne liikumis\u00fcrituse korraldada. N\u00e4iteks kogu kuu v\u00e4ltel kestnud projekti\u00a0\u201cKondimootoriga t\u00f6\u00f6le\u201c &#8230;<\/p>\n","protected":false},"author":13,"featured_media":0,"comment_status":"closed","ping_status":"open","sticky":false,"template":"","format":"standard","meta":{"footnotes":""},"categories":[12],"tags":[],"class_list":["post-7540","post","type-post","status-publish","format-standard","hentry","category-uudised"],"yoast_head":"<!-- This site is optimized with the Yoast SEO plugin v27.4 - https:\/\/yoast.com\/product\/yoast-seo-wordpress\/ -->\n<title>Saku Metalli sportlik september Firmaspordi S\u00fcgisspartakiaadil \u2013 v\u00e4lja v\u00f5ideldi 6. koht<\/title>\n<meta name=\"description\" content=\"Saku Metall AS tegeleb uksetootmise ja allhankega. Pakume tulet\u00f5kkeuksi, metalluksi, profiil- ja l\u00fckanduksi ning garaa\u017ei- ja t\u00f6\u00f6stuslikke t\u00f5stuksi ning lehtmetallist allhanket\u00f6id. V\u00f5ta \u00fchendust!\" \/>\n<meta name=\"robots\" content=\"index, follow, max-snippet:-1, max-image-preview:large, max-video-preview:-1\" \/>\n<link rel=\"canonical\" href=\"https:\/\/sakumetall.ee\/uksetehas\/saku-metalli-sportlik-september-firmaspordi-sugisspartakiaadil-vaelja-voideldi-6-koht\/\" \/>\n<meta property=\"og:locale\" content=\"et_EE\" \/>\n<meta property=\"og:type\" content=\"article\" \/>\n<meta property=\"og:title\" content=\"Saku Metalli sportlik september Firmaspordi S\u00fcgisspartakiaadil \u2013 v\u00e4lja v\u00f5ideldi 6. koht\" \/>\n<meta property=\"og:description\" content=\"Saku Metall AS tegeleb uksetootmise ja allhankega. Pakume tulet\u00f5kkeuksi, metalluksi, profiil- ja l\u00fckanduksi ning garaa\u017ei- ja t\u00f6\u00f6stuslikke t\u00f5stuksi ning lehtmetallist allhanket\u00f6id. V\u00f5ta \u00fchendust!\" \/>\n<meta property=\"og:url\" content=\"https:\/\/sakumetall.ee\/uksetehas\/saku-metalli-sportlik-september-firmaspordi-sugisspartakiaadil-vaelja-voideldi-6-koht\/\" \/>\n<meta property=\"og:site_name\" content=\"Uksetehas\" \/>\n<meta property=\"article:published_time\" content=\"2017-10-11T10:27:17+00:00\" \/>\n<meta property=\"article:modified_time\" content=\"2019-03-07T09:08:51+00:00\" \/>\n<meta property=\"og:image\" content=\"https:\/\/sakumetall.ee\/uksetehas\/wp-content\/uploads\/sites\/2\/2017\/10\/SMUT-1024x686.jpg\" \/>\n<meta name=\"author\" content=\"reili\" \/>\n<meta name=\"twitter:card\" content=\"summary_large_image\" \/>\n<meta name=\"twitter:label1\" content=\"Written by\" \/>\n\t<meta name=\"twitter:data1\" content=\"reili\" \/>\n\t<meta name=\"twitter:label2\" content=\"Est. reading time\" \/>\n\t<meta name=\"twitter:data2\" content=\"5 minutit\" \/>\n<script type=\"application\/ld+json\" class=\"yoast-schema-graph\">{\"@context\":\"https:\\\/\\\/schema.org\",\"@graph\":[{\"@type\":\"Article\",\"@id\":\"https:\\\/\\\/sakumetall.ee\\\/uksetehas\\\/saku-metalli-sportlik-september-firmaspordi-sugisspartakiaadil-vaelja-voideldi-6-koht\\\/#article\",\"isPartOf\":{\"@id\":\"https:\\\/\\\/sakumetall.ee\\\/uksetehas\\\/saku-metalli-sportlik-september-firmaspordi-sugisspartakiaadil-vaelja-voideldi-6-koht\\\/\"},\"author\":{\"name\":\"reili\",\"@id\":\"https:\\\/\\\/sakumetall.ee\\\/uksetehas\\\/#\\\/schema\\\/person\\\/be540c86974188ad8dff8f99424bca5b\"},\"headline\":\"Saku Metalli sportlik september Firmaspordi S\u00fcgisspartakiaadil \u2013 v\u00e4lja v\u00f5ideldi 6. koht\",\"datePublished\":\"2017-10-11T10:27:17+00:00\",\"dateModified\":\"2019-03-07T09:08:51+00:00\",\"mainEntityOfPage\":{\"@id\":\"https:\\\/\\\/sakumetall.ee\\\/uksetehas\\\/saku-metalli-sportlik-september-firmaspordi-sugisspartakiaadil-vaelja-voideldi-6-koht\\\/\"},\"wordCount\":1010,\"image\":{\"@id\":\"https:\\\/\\\/sakumetall.ee\\\/uksetehas\\\/saku-metalli-sportlik-september-firmaspordi-sugisspartakiaadil-vaelja-voideldi-6-koht\\\/#primaryimage\"},\"thumbnailUrl\":\"https:\\\/\\\/sakumetall.ee\\\/uksetehas\\\/wp-content\\\/uploads\\\/sites\\\/2\\\/2017\\\/10\\\/SMUT-1024x686.jpg\",\"articleSection\":[\"Uudised\"],\"inLanguage\":\"et\"},{\"@type\":\"WebPage\",\"@id\":\"https:\\\/\\\/sakumetall.ee\\\/uksetehas\\\/saku-metalli-sportlik-september-firmaspordi-sugisspartakiaadil-vaelja-voideldi-6-koht\\\/\",\"url\":\"https:\\\/\\\/sakumetall.ee\\\/uksetehas\\\/saku-metalli-sportlik-september-firmaspordi-sugisspartakiaadil-vaelja-voideldi-6-koht\\\/\",\"name\":\"Saku Metalli sportlik september Firmaspordi S\u00fcgisspartakiaadil \u2013 v\u00e4lja v\u00f5ideldi 6. koht\",\"isPartOf\":{\"@id\":\"https:\\\/\\\/sakumetall.ee\\\/uksetehas\\\/#website\"},\"primaryImageOfPage\":{\"@id\":\"https:\\\/\\\/sakumetall.ee\\\/uksetehas\\\/saku-metalli-sportlik-september-firmaspordi-sugisspartakiaadil-vaelja-voideldi-6-koht\\\/#primaryimage\"},\"image\":{\"@id\":\"https:\\\/\\\/sakumetall.ee\\\/uksetehas\\\/saku-metalli-sportlik-september-firmaspordi-sugisspartakiaadil-vaelja-voideldi-6-koht\\\/#primaryimage\"},\"thumbnailUrl\":\"https:\\\/\\\/sakumetall.ee\\\/uksetehas\\\/wp-content\\\/uploads\\\/sites\\\/2\\\/2017\\\/10\\\/SMUT-1024x686.jpg\",\"datePublished\":\"2017-10-11T10:27:17+00:00\",\"dateModified\":\"2019-03-07T09:08:51+00:00\",\"author\":{\"@id\":\"https:\\\/\\\/sakumetall.ee\\\/uksetehas\\\/#\\\/schema\\\/person\\\/be540c86974188ad8dff8f99424bca5b\"},\"description\":\"Saku Metall AS tegeleb uksetootmise ja allhankega. Pakume tulet\u00f5kkeuksi, metalluksi, profiil- ja l\u00fckanduksi ning garaa\u017ei- ja t\u00f6\u00f6stuslikke t\u00f5stuksi ning lehtmetallist allhanket\u00f6id. V\u00f5ta \u00fchendust!\",\"breadcrumb\":{\"@id\":\"https:\\\/\\\/sakumetall.ee\\\/uksetehas\\\/saku-metalli-sportlik-september-firmaspordi-sugisspartakiaadil-vaelja-voideldi-6-koht\\\/#breadcrumb\"},\"inLanguage\":\"et\",\"potentialAction\":[{\"@type\":\"ReadAction\",\"target\":[\"https:\\\/\\\/sakumetall.ee\\\/uksetehas\\\/saku-metalli-sportlik-september-firmaspordi-sugisspartakiaadil-vaelja-voideldi-6-koht\\\/\"]}]},{\"@type\":\"ImageObject\",\"inLanguage\":\"et\",\"@id\":\"https:\\\/\\\/sakumetall.ee\\\/uksetehas\\\/saku-metalli-sportlik-september-firmaspordi-sugisspartakiaadil-vaelja-voideldi-6-koht\\\/#primaryimage\",\"url\":\"https:\\\/\\\/sakumetall.ee\\\/uksetehas\\\/wp-content\\\/uploads\\\/sites\\\/2\\\/2017\\\/10\\\/SMUT.jpg\",\"contentUrl\":\"https:\\\/\\\/sakumetall.ee\\\/uksetehas\\\/wp-content\\\/uploads\\\/sites\\\/2\\\/2017\\\/10\\\/SMUT.jpg\",\"width\":2048,\"height\":1372,\"caption\":\"sakumetall-autasustamine\"},{\"@type\":\"BreadcrumbList\",\"@id\":\"https:\\\/\\\/sakumetall.ee\\\/uksetehas\\\/saku-metalli-sportlik-september-firmaspordi-sugisspartakiaadil-vaelja-voideldi-6-koht\\\/#breadcrumb\",\"itemListElement\":[{\"@type\":\"ListItem\",\"position\":1,\"name\":\"Home\",\"item\":\"https:\\\/\\\/sakumetall.ee\\\/uksetehas\\\/\"},{\"@type\":\"ListItem\",\"position\":2,\"name\":\"Saku Metalli sportlik september Firmaspordi S\u00fcgisspartakiaadil \u2013 v\u00e4lja v\u00f5ideldi 6. koht\"}]},{\"@type\":\"WebSite\",\"@id\":\"https:\\\/\\\/sakumetall.ee\\\/uksetehas\\\/#website\",\"url\":\"https:\\\/\\\/sakumetall.ee\\\/uksetehas\\\/\",\"name\":\"Uksetehas\",\"description\":\"Saku Metall AS tegeleb uksetootmise ja allhankega. Pakume tulet\u00f5kkeuksi, metalluksi, profiil- ja l\u00fckanduksi ning garaa\u017ei- ja t\u00f6\u00f6stuslikke t\u00f5stuksi ning lehtmetallist allhanket\u00f6id. V\u00f5ta \u00fchendust!\",\"potentialAction\":[{\"@type\":\"SearchAction\",\"target\":{\"@type\":\"EntryPoint\",\"urlTemplate\":\"https:\\\/\\\/sakumetall.ee\\\/uksetehas\\\/?s={search_term_string}\"},\"query-input\":{\"@type\":\"PropertyValueSpecification\",\"valueRequired\":true,\"valueName\":\"search_term_string\"}}],\"inLanguage\":\"et\"},{\"@type\":\"Person\",\"@id\":\"https:\\\/\\\/sakumetall.ee\\\/uksetehas\\\/#\\\/schema\\\/person\\\/be540c86974188ad8dff8f99424bca5b\",\"name\":\"reili\",\"image\":{\"@type\":\"ImageObject\",\"inLanguage\":\"et\",\"@id\":\"https:\\\/\\\/secure.gravatar.com\\\/avatar\\\/99ac4722e1792098e84f3e6bba0a797ad9be5de68787fd234cac347bbd13894e?s=96&d=mm&r=g\",\"url\":\"https:\\\/\\\/secure.gravatar.com\\\/avatar\\\/99ac4722e1792098e84f3e6bba0a797ad9be5de68787fd234cac347bbd13894e?s=96&d=mm&r=g\",\"contentUrl\":\"https:\\\/\\\/secure.gravatar.com\\\/avatar\\\/99ac4722e1792098e84f3e6bba0a797ad9be5de68787fd234cac347bbd13894e?s=96&d=mm&r=g\",\"caption\":\"reili\"}}]}<\/script>\n<!-- \/ Yoast SEO plugin. -->","yoast_head_json":{"title":"Saku Metalli sportlik september Firmaspordi S\u00fcgisspartakiaadil \u2013 v\u00e4lja v\u00f5ideldi 6. koht","description":"Saku Metall AS tegeleb uksetootmise ja allhankega. Pakume tulet\u00f5kkeuksi, metalluksi, profiil- ja l\u00fckanduksi ning garaa\u017ei- ja t\u00f6\u00f6stuslikke t\u00f5stuksi ning lehtmetallist allhanket\u00f6id. V\u00f5ta \u00fchendust!","robots":{"index":"index","follow":"follow","max-snippet":"max-snippet:-1","max-image-preview":"max-image-preview:large","max-video-preview":"max-video-preview:-1"},"canonical":"https:\/\/sakumetall.ee\/uksetehas\/saku-metalli-sportlik-september-firmaspordi-sugisspartakiaadil-vaelja-voideldi-6-koht\/","og_locale":"et_EE","og_type":"article","og_title":"Saku Metalli sportlik september Firmaspordi S\u00fcgisspartakiaadil \u2013 v\u00e4lja v\u00f5ideldi 6. koht","og_description":"Saku Metall AS tegeleb uksetootmise ja allhankega. Pakume tulet\u00f5kkeuksi, metalluksi, profiil- ja l\u00fckanduksi ning garaa\u017ei- ja t\u00f6\u00f6stuslikke t\u00f5stuksi ning lehtmetallist allhanket\u00f6id. V\u00f5ta \u00fchendust!","og_url":"https:\/\/sakumetall.ee\/uksetehas\/saku-metalli-sportlik-september-firmaspordi-sugisspartakiaadil-vaelja-voideldi-6-koht\/","og_site_name":"Uksetehas","article_published_time":"2017-10-11T10:27:17+00:00","article_modified_time":"2019-03-07T09:08:51+00:00","og_image":[{"url":"https:\/\/sakumetall.ee\/uksetehas\/wp-content\/uploads\/sites\/2\/2017\/10\/SMUT-1024x686.jpg","type":"","width":"","height":""}],"author":"reili","twitter_card":"summary_large_image","twitter_misc":{"Written by":"reili","Est. reading time":"5 minutit"},"schema":{"@context":"https:\/\/schema.org","@graph":[{"@type":"Article","@id":"https:\/\/sakumetall.ee\/uksetehas\/saku-metalli-sportlik-september-firmaspordi-sugisspartakiaadil-vaelja-voideldi-6-koht\/#article","isPartOf":{"@id":"https:\/\/sakumetall.ee\/uksetehas\/saku-metalli-sportlik-september-firmaspordi-sugisspartakiaadil-vaelja-voideldi-6-koht\/"},"author":{"name":"reili","@id":"https:\/\/sakumetall.ee\/uksetehas\/#\/schema\/person\/be540c86974188ad8dff8f99424bca5b"},"headline":"Saku Metalli sportlik september Firmaspordi S\u00fcgisspartakiaadil \u2013 v\u00e4lja v\u00f5ideldi 6. koht","datePublished":"2017-10-11T10:27:17+00:00","dateModified":"2019-03-07T09:08:51+00:00","mainEntityOfPage":{"@id":"https:\/\/sakumetall.ee\/uksetehas\/saku-metalli-sportlik-september-firmaspordi-sugisspartakiaadil-vaelja-voideldi-6-koht\/"},"wordCount":1010,"image":{"@id":"https:\/\/sakumetall.ee\/uksetehas\/saku-metalli-sportlik-september-firmaspordi-sugisspartakiaadil-vaelja-voideldi-6-koht\/#primaryimage"},"thumbnailUrl":"https:\/\/sakumetall.ee\/uksetehas\/wp-content\/uploads\/sites\/2\/2017\/10\/SMUT-1024x686.jpg","articleSection":["Uudised"],"inLanguage":"et"},{"@type":"WebPage","@id":"https:\/\/sakumetall.ee\/uksetehas\/saku-metalli-sportlik-september-firmaspordi-sugisspartakiaadil-vaelja-voideldi-6-koht\/","url":"https:\/\/sakumetall.ee\/uksetehas\/saku-metalli-sportlik-september-firmaspordi-sugisspartakiaadil-vaelja-voideldi-6-koht\/","name":"Saku Metalli sportlik september Firmaspordi S\u00fcgisspartakiaadil \u2013 v\u00e4lja v\u00f5ideldi 6. koht","isPartOf":{"@id":"https:\/\/sakumetall.ee\/uksetehas\/#website"},"primaryImageOfPage":{"@id":"https:\/\/sakumetall.ee\/uksetehas\/saku-metalli-sportlik-september-firmaspordi-sugisspartakiaadil-vaelja-voideldi-6-koht\/#primaryimage"},"image":{"@id":"https:\/\/sakumetall.ee\/uksetehas\/saku-metalli-sportlik-september-firmaspordi-sugisspartakiaadil-vaelja-voideldi-6-koht\/#primaryimage"},"thumbnailUrl":"https:\/\/sakumetall.ee\/uksetehas\/wp-content\/uploads\/sites\/2\/2017\/10\/SMUT-1024x686.jpg","datePublished":"2017-10-11T10:27:17+00:00","dateModified":"2019-03-07T09:08:51+00:00","author":{"@id":"https:\/\/sakumetall.ee\/uksetehas\/#\/schema\/person\/be540c86974188ad8dff8f99424bca5b"},"description":"Saku Metall AS tegeleb uksetootmise ja allhankega. Pakume tulet\u00f5kkeuksi, metalluksi, profiil- ja l\u00fckanduksi ning garaa\u017ei- ja t\u00f6\u00f6stuslikke t\u00f5stuksi ning lehtmetallist allhanket\u00f6id. V\u00f5ta \u00fchendust!","breadcrumb":{"@id":"https:\/\/sakumetall.ee\/uksetehas\/saku-metalli-sportlik-september-firmaspordi-sugisspartakiaadil-vaelja-voideldi-6-koht\/#breadcrumb"},"inLanguage":"et","potentialAction":[{"@type":"ReadAction","target":["https:\/\/sakumetall.ee\/uksetehas\/saku-metalli-sportlik-september-firmaspordi-sugisspartakiaadil-vaelja-voideldi-6-koht\/"]}]},{"@type":"ImageObject","inLanguage":"et","@id":"https:\/\/sakumetall.ee\/uksetehas\/saku-metalli-sportlik-september-firmaspordi-sugisspartakiaadil-vaelja-voideldi-6-koht\/#primaryimage","url":"https:\/\/sakumetall.ee\/uksetehas\/wp-content\/uploads\/sites\/2\/2017\/10\/SMUT.jpg","contentUrl":"https:\/\/sakumetall.ee\/uksetehas\/wp-content\/uploads\/sites\/2\/2017\/10\/SMUT.jpg","width":2048,"height":1372,"caption":"sakumetall-autasustamine"},{"@type":"BreadcrumbList","@id":"https:\/\/sakumetall.ee\/uksetehas\/saku-metalli-sportlik-september-firmaspordi-sugisspartakiaadil-vaelja-voideldi-6-koht\/#breadcrumb","itemListElement":[{"@type":"ListItem","position":1,"name":"Home","item":"https:\/\/sakumetall.ee\/uksetehas\/"},{"@type":"ListItem","position":2,"name":"Saku Metalli sportlik september Firmaspordi S\u00fcgisspartakiaadil \u2013 v\u00e4lja v\u00f5ideldi 6. koht"}]},{"@type":"WebSite","@id":"https:\/\/sakumetall.ee\/uksetehas\/#website","url":"https:\/\/sakumetall.ee\/uksetehas\/","name":"Uksetehas","description":"Saku Metall AS tegeleb uksetootmise ja allhankega. Pakume tulet\u00f5kkeuksi, metalluksi, profiil- ja l\u00fckanduksi ning garaa\u017ei- ja t\u00f6\u00f6stuslikke t\u00f5stuksi ning lehtmetallist allhanket\u00f6id. V\u00f5ta \u00fchendust!","potentialAction":[{"@type":"SearchAction","target":{"@type":"EntryPoint","urlTemplate":"https:\/\/sakumetall.ee\/uksetehas\/?s={search_term_string}"},"query-input":{"@type":"PropertyValueSpecification","valueRequired":true,"valueName":"search_term_string"}}],"inLanguage":"et"},{"@type":"Person","@id":"https:\/\/sakumetall.ee\/uksetehas\/#\/schema\/person\/be540c86974188ad8dff8f99424bca5b","name":"reili","image":{"@type":"ImageObject","inLanguage":"et","@id":"https:\/\/secure.gravatar.com\/avatar\/99ac4722e1792098e84f3e6bba0a797ad9be5de68787fd234cac347bbd13894e?s=96&d=mm&r=g","url":"https:\/\/secure.gravatar.com\/avatar\/99ac4722e1792098e84f3e6bba0a797ad9be5de68787fd234cac347bbd13894e?s=96&d=mm&r=g","contentUrl":"https:\/\/secure.gravatar.com\/avatar\/99ac4722e1792098e84f3e6bba0a797ad9be5de68787fd234cac347bbd13894e?s=96&d=mm&r=g","caption":"reili"}}]}},"_links":{"self":[{"href":"https:\/\/sakumetall.ee\/uksetehas\/wp-json\/wp\/v2\/posts\/7540","targetHints":{"allow":["GET"]}}],"collection":[{"href":"https:\/\/sakumetall.ee\/uksetehas\/wp-json\/wp\/v2\/posts"}],"about":[{"href":"https:\/\/sakumetall.ee\/uksetehas\/wp-json\/wp\/v2\/types\/post"}],"author":[{"embeddable":true,"href":"https:\/\/sakumetall.ee\/uksetehas\/wp-json\/wp\/v2\/users\/13"}],"replies":[{"embeddable":true,"href":"https:\/\/sakumetall.ee\/uksetehas\/wp-json\/wp\/v2\/comments?post=7540"}],"version-history":[{"count":18,"href":"https:\/\/sakumetall.ee\/uksetehas\/wp-json\/wp\/v2\/posts\/7540\/revisions"}],"predecessor-version":[{"id":20197,"href":"https:\/\/sakumetall.ee\/uksetehas\/wp-json\/wp\/v2\/posts\/7540\/revisions\/20197"}],"wp:attachment":[{"href":"https:\/\/sakumetall.ee\/uksetehas\/wp-json\/wp\/v2\/media?parent=7540"}],"wp:term":[{"taxonomy":"category","embeddable":true,"href":"https:\/\/sakumetall.ee\/uksetehas\/wp-json\/wp\/v2\/categories?post=7540"},{"taxonomy":"post_tag","embeddable":true,"href":"https:\/\/sakumetall.ee\/uksetehas\/wp-json\/wp\/v2\/tags?post=7540"}],"curies":[{"name":"wp","href":"https:\/\/api.w.org\/{rel}","templated":true}]}}